{"id":33961,"date":"2020-02-10T08:45:46","date_gmt":"2020-02-10T14:45:46","guid":{"rendered":"https:\/\/inces.gob.ve\/?p=33961"},"modified":"2020-05-28T20:23:58","modified_gmt":"2020-05-29T00:23:58","slug":"la-guaira-culmina-formacion-con-miembros-de-asambleas-viviendo-venezolano","status":"publish","type":"post","link":"https:\/\/inces.gob.ve\/index.php\/2020\/02\/10\/la-guaira-culmina-formacion-con-miembros-de-asambleas-viviendo-venezolano\/","title":{"rendered":"LA GUAIRA | Culmina formaci\u00f3n con miembros de Asambleas Viviendo Venezolano"},"content":{"rendered":"<p align=\"justify\"><span style=\"font-family: Arial, sans-serif;\"><span style=\"font-size: x-large;\">** <i><b>Inces motor revolucionario para la formaci\u00f3n productiva de la escuela del constructor y constructora popular del estado La Guaira<\/b><\/i><\/span><\/span><\/p>\n<p align=\"justify\">\n<!--more--><\/p>\n<p align=\"justify\"><a name=\"more-33932\"><\/a><a name=\"more-33955\"><\/a><span style=\"font-family: Arial, sans-serif;\"><span style=\"font-size: x-large;\"><b>Ronald Pinto<\/b> | Prensa inces<\/span><\/span><\/p>\n<p align=\"justify\"><span style=\"font-family: Arial, sans-serif;\"><span style=\"font-size: x-large;\">El cierre de la actividad formativa se realiz\u00f3 en las instalaciones de la \u201cCasa de Alimentaci\u00f3n Eliecer Ot\u00e1iza\u201d,\u00a0 ubicada en Macuto y fue dirigida a l\u00edderes comunitarios y miembros de Asambleas de Viviendo Venezolano en materia de c\u00f3mputos m\u00e9tricos y abarc\u00f3 desde la elaboraci\u00f3n de planos hasta la construcci\u00f3n de las viviendas, <\/span><\/span><\/p>\n<p align=\"justify\"><span style=\"font-family: Arial, sans-serif;\"><span style=\"font-size: x-large;\">Hern\u00e1n Garboza, gerente regional del Inces La Guaira se\u00f1al\u00f3, que muy recientemente se suscribi\u00f3 un convenio entre el Inces y el Ministerio del Poder Popular para H\u00e1bitat y Vivienda con el fin de desarrollar la Escuela del Constructor Popular del estado La Guaira, a trav\u00e9s de las cuales se conformar\u00e1n las brigadas que se dedicar\u00e1n a la construcci\u00f3n de las viviendas; \u201cLa Guaira se constituye as\u00ed en el Centro Piloto y el Inces tendr\u00e1 la responsabilidad de la formaci\u00f3n\u201d. <\/span><\/span><\/p>\n<p align=\"justify\">\u201c<span style=\"font-family: Arial, sans-serif;\"><span style=\"font-size: x-large;\">Tambi\u00e9n es necesario que comiencen a postular a las personas que podr\u00e1n recibir la formaci\u00f3n, las cuales deber\u00e1n ser nombradas por las organizaciones sociales. Asimismo, es importante que se haga una sistematizaci\u00f3n de experiencias para dar a conocer y ense\u00f1ar a otros el trabajo que se esta desarrollando en nuestro estado\u201d. <\/span><\/span><\/p>\n<p align=\"justify\"><span style=\"font-family: Arial, sans-serif;\"><span style=\"font-size: x-large;\">En estos espacios comunitarios el Inces viene a jugar un papel fundamental, pues es el motor revolucionario que impulsa la formaci\u00f3n productiva, la capacitaci\u00f3n y el conocimiento para regir la contraofensiva revolucionaria. <\/span><\/span><\/p>\n<p align=\"justify\"><span style=\"font-family: Arial, sans-serif;\"><span style=\"font-size: x-large;\">FM <\/span><\/span><\/p>\n<p align=\"justify\">\n<p align=\"justify\">\n<p align=\"justify\">\n","protected":false},"excerpt":{"rendered":"<p>** Inces motor revolucionario para la formaci\u00f3n productiva de la escuela del constructor y constructora popular del estado La Guaira<\/p>\n","protected":false},"author":15,"featured_media":33956,"comment_status":"closed","ping_status":"closed","sticky":false,"template":"","format":"standard","meta":{"footnotes":""},"categories":[2],"tags":[],"class_list":["post-33961","post","type-post","status-publish","format-standard","has-post-thumbnail","hentry","category-blog"],"_links":{"self":[{"href":"https:\/\/inces.gob.ve\/index.php\/wp-json\/wp\/v2\/posts\/33961","targetHints":{"allow":["GET"]}}],"collection":[{"href":"https:\/\/inces.gob.ve\/index.php\/wp-json\/wp\/v2\/posts"}],"about":[{"href":"https:\/\/inces.gob.ve\/index.php\/wp-json\/wp\/v2\/types\/post"}],"author":[{"embeddable":true,"href":"https:\/\/inces.gob.ve\/index.php\/wp-json\/wp\/v2\/users\/15"}],"replies":[{"embeddable":true,"href":"https:\/\/inces.gob.ve\/index.php\/wp-json\/wp\/v2\/comments?post=33961"}],"version-history":[{"count":1,"href":"https:\/\/inces.gob.ve\/index.php\/wp-json\/wp\/v2\/posts\/33961\/revisions"}],"predecessor-version":[{"id":33962,"href":"https:\/\/inces.gob.ve\/index.php\/wp-json\/wp\/v2\/posts\/33961\/revisions\/33962"}],"wp:featuredmedia":[{"embeddable":true,"href":"https:\/\/inces.gob.ve\/index.php\/wp-json\/wp\/v2\/media\/33956"}],"wp:attachment":[{"href":"https:\/\/inces.gob.ve\/index.php\/wp-json\/wp\/v2\/media?parent=33961"}],"wp:term":[{"taxonomy":"category","embeddable":true,"href":"https:\/\/inces.gob.ve\/index.php\/wp-json\/wp\/v2\/categories?post=33961"},{"taxonomy":"post_tag","embeddable":true,"href":"https:\/\/inces.gob.ve\/index.php\/wp-json\/wp\/v2\/tags?post=33961"}],"curies":[{"name":"wp","href":"https:\/\/api.w.org\/{rel}","templated":true}]}}