{"id":33963,"date":"2020-02-10T09:12:26","date_gmt":"2020-02-10T15:12:26","guid":{"rendered":"https:\/\/inces.gob.ve\/?p=33963"},"modified":"2020-05-28T20:23:58","modified_gmt":"2020-05-29T00:23:58","slug":"delta-amacuro-24-mujeres-deltanas-inician-cursos-de-corte-y-costura","status":"publish","type":"post","link":"https:\/\/inces.gob.ve\/index.php\/2020\/02\/10\/delta-amacuro-24-mujeres-deltanas-inician-cursos-de-corte-y-costura\/","title":{"rendered":"Delta Amacuro | 24 Mujeres Deltanas inician cursos de Corte y Costura"},"content":{"rendered":"<p align=\"justify\"><span style=\"font-family: Arial, sans-serif;\"><span style=\"font-size: x-large;\">** <i><b>A pesar de las dificultades y la realidad de Venezuela, 24 mujeres Deltanas decidieron enfrentar esta realidad a trav\u00e9s de la formaci\u00f3n y la capacitaci\u00f3n. Ellas se inscribieron en el curso de Corte y Costura, formaci\u00f3n que se inici\u00f3 en las instalaciones del Complejo Hospitalario Dr. Luis Razetti en Tucupita, a trav\u00e9s del Instituto de Capacitaci\u00f3n y Educaci\u00f3n Socialista (INCES), ubicado en el Estado Delta Amacuro<\/b><\/i><\/span><\/span><\/p>\n<p align=\"justify\">\n<!--more--><\/p>\n<p align=\"justify\"><span style=\"font-family: Arial, sans-serif;\"><span style=\"font-size: x-large;\"><b>Tito Y\u00e1nez \/ <\/b>Prensa Inces Delta Amacuro<\/span><\/span><\/p>\n<p align=\"justify\"><span style=\"font-family: Arial, sans-serif;\"><span style=\"font-size: x-large;\">El objetivo de este curso es el de <b>confeccionar prendas de vestir b\u00e1sicas, ejecutando los procesos t\u00e9cnicos establecidos, utilizando adecuadamente herramientas, m\u00e1quinas y equipos<\/b>, siguiendo los est\u00e1ndares de calidad esperados y cumpliendo con las normas de seguridad e higiene propias del \u00e1rea.<\/span><\/span><\/p>\n<p align=\"justify\"><span style=\"font-family: Arial, sans-serif;\"><span style=\"font-size: x-large;\">El Maestro T\u00e9cnico Productivo Franquis Mar\u00edn explic\u00f3 que el curso <b>tiene una duraci\u00f3n 366 horas y a trav\u00e9s de esta formaci\u00f3n las participantes aprender\u00e1n espec\u00edficamente temas como el trazado de patrones en la confecci\u00f3n, toma de medidas en la confecci\u00f3n<\/b>, generalidades de corte y confecci\u00f3n, costura a m\u00e1quina en la confecci\u00f3n, costura a mano en la confecci\u00f3n, corte de las piezas en la confecci\u00f3n, confecci\u00f3n de prendas de vestir b\u00e1sicas entre otros aspectos necesario para ayudar a ir desde los conocimientos emp\u00edricos a la formaci\u00f3n a un nivel mas profesional.<\/span><\/span><\/p>\n<p align=\"justify\"><span style=\"font-family: Arial, sans-serif;\"><span style=\"font-size: x-large;\"><span style=\"color: #222222;\"><span lang=\"es-ES\">La Lic. Osmarglis Mart\u00ednez Carre\u00f1o, Gerente Regional INCES (Instituto Nacional de Capacitaci\u00f3n y Educaci\u00f3n Socialista) Delta Amacuro, se\u00f1al\u00f3<\/span><\/span> <span style=\"color: #222222;\"><span lang=\"es-ES\">que <\/span><\/span><span style=\"color: #222222;\"><span lang=\"es-ES\"><b>este curso <\/b><\/span><\/span><b>es parte del plan de formaci\u00f3n que ofrece la instituci\u00f3n y est\u00e1 relacionado al \u00e1rea textil,<\/b> asimismo <span style=\"color: #222222;\"><span lang=\"es-ES\">invit\u00f3<\/span><\/span> <span style=\"color: #222222;\"><span lang=\"es-ES\">a todas aquellas personas interesadas en el \u00e1rea textil a acercarse a la sede INCES y aumentar sus conocimientos, solo es necesario la c\u00e9dula<\/span><\/span> <span style=\"color: #222222;\"><span lang=\"es-ES\">de identidad, recalc\u00f3<\/span><\/span> <span style=\"color: #222222;\"><span lang=\"es-ES\">que <\/span><\/span>el Inces no excluye sino busca incluir a todas y a todos los venezolanos.<\/span><\/span><\/p>\n<p align=\"justify\"><span style=\"font-family: Arial, sans-serif;\"><span style=\"font-size: x-large;\">RB<\/span><\/span><\/p>\n","protected":false},"excerpt":{"rendered":"<p>** A pesar de las dificultades y la realidad de Venezuela, 24 mujeres Deltanas decidieron enfrentar esta realidad a trav\u00e9s de la formaci\u00f3n y la capacitaci\u00f3n. Ellas se inscribieron en el curso de Corte y Costura, formaci\u00f3n que se inici\u00f3 en las instalaciones del Complejo Hospitalario Dr. Luis Razetti en Tucupita, a trav\u00e9s del Instituto [&hellip;]<\/p>\n","protected":false},"author":15,"featured_media":33964,"comment_status":"closed","ping_status":"closed","sticky":false,"template":"","format":"standard","meta":{"footnotes":""},"categories":[2],"tags":[],"class_list":["post-33963","post","type-post","status-publish","format-standard","has-post-thumbnail","hentry","category-blog"],"_links":{"self":[{"href":"https:\/\/inces.gob.ve\/index.php\/wp-json\/wp\/v2\/posts\/33963","targetHints":{"allow":["GET"]}}],"collection":[{"href":"https:\/\/inces.gob.ve\/index.php\/wp-json\/wp\/v2\/posts"}],"about":[{"href":"https:\/\/inces.gob.ve\/index.php\/wp-json\/wp\/v2\/types\/post"}],"author":[{"embeddable":true,"href":"https:\/\/inces.gob.ve\/index.php\/wp-json\/wp\/v2\/users\/15"}],"replies":[{"embeddable":true,"href":"https:\/\/inces.gob.ve\/index.php\/wp-json\/wp\/v2\/comments?post=33963"}],"version-history":[{"count":1,"href":"https:\/\/inces.gob.ve\/index.php\/wp-json\/wp\/v2\/posts\/33963\/revisions"}],"predecessor-version":[{"id":33965,"href":"https:\/\/inces.gob.ve\/index.php\/wp-json\/wp\/v2\/posts\/33963\/revisions\/33965"}],"wp:featuredmedia":[{"embeddable":true,"href":"https:\/\/inces.gob.ve\/index.php\/wp-json\/wp\/v2\/media\/33964"}],"wp:attachment":[{"href":"https:\/\/inces.gob.ve\/index.php\/wp-json\/wp\/v2\/media?parent=33963"}],"wp:term":[{"taxonomy":"category","embeddable":true,"href":"https:\/\/inces.gob.ve\/index.php\/wp-json\/wp\/v2\/categories?post=33963"},{"taxonomy":"post_tag","embeddable":true,"href":"https:\/\/inces.gob.ve\/index.php\/wp-json\/wp\/v2\/tags?post=33963"}],"curies":[{"name":"wp","href":"https:\/\/api.w.org\/{rel}","templated":true}]}}