{"id":33996,"date":"2020-02-10T12:39:12","date_gmt":"2020-02-10T18:39:12","guid":{"rendered":"https:\/\/inces.gob.ve\/?p=33996"},"modified":"2020-05-28T20:23:57","modified_gmt":"2020-05-29T00:23:57","slug":"guarico-inces-y-fundacite-realizan-formacion-en-produccion-de-harina-a-comunidad-los-telegrafistas","status":"publish","type":"post","link":"https:\/\/inces.gob.ve\/index.php\/2020\/02\/10\/guarico-inces-y-fundacite-realizan-formacion-en-produccion-de-harina-a-comunidad-los-telegrafistas\/","title":{"rendered":"Gu\u00e1rico | Inces y Fundacite realizan formaci\u00f3n en producci\u00f3n de harina a comunidad Los Telegrafistas"},"content":{"rendered":"<p class=\"western\" align=\"justify\"><span style=\"font-family: Arial, sans-serif;\"><span style=\"font-size: x-large;\">** <i><b>La formaci\u00f3n permitir\u00e1 que los participantes puedan desarollar toda la cadena productiva de harina con yuca, ocumo y otros tub\u00e9rculos<\/b><\/i><\/span><\/span><\/p>\n<p class=\"western\" align=\"justify\">\n<!--more--><\/p>\n<p class=\"western\" align=\"justify\"><a name=\"_GoBack\"><\/a><span style=\"font-family: Arial, sans-serif;\"><span style=\"font-size: x-large;\"><b>Julio Rodr\u00edguez<\/b> <span style=\"font-family: Liberation Sans, serif;\"><span lang=\"es-ES\">| Prensa Inces<\/span><\/span><\/span><\/span><\/p>\n<p class=\"western\" align=\"justify\"><span style=\"font-family: Arial, sans-serif;\"><span style=\"font-size: x-large;\">Inces Gu\u00e1rico en conjunto con Fundacite iniciaron un plan de formaci\u00f3n en materia de producci\u00f3n de materia prima y procesamiento de harinas artesanales para el consejo comunal Los Telegrafistas, el cual forma parte del punto y c\u00edrculo del Centro de Formaci\u00f3n Socialista de San Juan de los Morros.<\/span><\/span><\/p>\n<p class=\"western\" align=\"justify\"><span style=\"font-family: Arial, sans-serif;\"><span style=\"font-size: x-large;\">As\u00ed lo inform\u00f3 Leonardo Zambrano, coordinador del programa agr\u00edcola de Inces Gu\u00e1rico, quien destac\u00f3 que esta actividad se enmarca en una alianza realizada con el Ministerio de Ciencia y Tecnolog\u00eda y en el que est\u00e1n trabajando tambi\u00e9n con estudiantes de la Universidad Sim\u00f3n Rodr\u00edguez, integrados a ese proyecto.<\/span><\/span><\/p>\n<p class=\"western\" align=\"justify\"><span style=\"font-family: Arial, sans-serif;\"><span style=\"font-size: x-large;\"><img loading=\"lazy\" decoding=\"async\" class=\"aligncenter wp-image-33992 size-full\" src=\"https:\/\/www.inces.gob.ve\/wp-content\/uploads\/2020\/02\/Inces-y-Fundacite-formaci\u00f3n-producci\u00f3n-de-harina-1-.jpg\" alt=\"\" width=\"750\" height=\"563\" srcset=\"https:\/\/inces.gob.ve\/wp-content\/uploads\/2020\/02\/Inces-y-Fundacite-formaci\u00f3n-producci\u00f3n-de-harina-1-.jpg 750w, https:\/\/inces.gob.ve\/wp-content\/uploads\/2020\/02\/Inces-y-Fundacite-formaci\u00f3n-producci\u00f3n-de-harina-1--300x225.jpg 300w, https:\/\/inces.gob.ve\/wp-content\/uploads\/2020\/02\/Inces-y-Fundacite-formaci\u00f3n-producci\u00f3n-de-harina-1--136x102.jpg 136w\" sizes=\"auto, (max-width: 750px) 100vw, 750px\" \/><\/span><\/span><\/p>\n<p class=\"western\" align=\"justify\"><span style=\"font-family: Arial, sans-serif;\"><span style=\"font-size: x-large;\">Por su parte la gerente regional de Inces Gu\u00e1rico, Arisela Medina, se\u00f1al\u00f3 a su vez que el Inces se incorpora con los temas de producci\u00f3n de hortalizas en \u00e1reas urbanas \u201cdonde vamos a ense\u00f1arles una serie de procesos para la elaboraci\u00f3n de abonos\u201d, y posteriormente recibir\u00e1n cursos de elaboraci\u00f3n de bioinsumos y procesamiento de semillas; \u201cporque si estamos hablando de producir materia prima necesitamos manejar todo el encadenamiento productivo desde los insumos, pasando por la siembra y el procesamiento\u201d.<\/span><\/span><\/p>\n<p class=\"western\" align=\"justify\"><span style=\"font-family: Arial, sans-serif;\"><span style=\"font-size: x-large;\"><img loading=\"lazy\" decoding=\"async\" class=\"aligncenter wp-image-33993 size-full\" src=\"https:\/\/www.inces.gob.ve\/wp-content\/uploads\/2020\/02\/Inces-y-Fundacite-formaci\u00f3n-producci\u00f3n-de-harina-2-.jpg\" alt=\"\" width=\"750\" height=\"563\" srcset=\"https:\/\/inces.gob.ve\/wp-content\/uploads\/2020\/02\/Inces-y-Fundacite-formaci\u00f3n-producci\u00f3n-de-harina-2-.jpg 750w, https:\/\/inces.gob.ve\/wp-content\/uploads\/2020\/02\/Inces-y-Fundacite-formaci\u00f3n-producci\u00f3n-de-harina-2--300x225.jpg 300w, https:\/\/inces.gob.ve\/wp-content\/uploads\/2020\/02\/Inces-y-Fundacite-formaci\u00f3n-producci\u00f3n-de-harina-2--136x102.jpg 136w\" sizes=\"auto, (max-width: 750px) 100vw, 750px\" \/><\/span><\/span><\/p>\n<p class=\"western\" align=\"justify\"><span style=\"font-family: Arial, sans-serif;\"><span style=\"font-size: x-large;\">Zaida Boyer, vocera de Econom\u00eda Comunal del consejo comunal Los Telegrafistas, inform\u00f3 que, en total, est\u00e1n participando 30 personas de la comunidad y hay otro grupo importante de vecinos que tambi\u00e9n quieren participar, por lo que tienen planteado que lo hagan en otras formaciones sobre el mismo tema. Boyer tambi\u00e9n expres\u00f3 que esta formaci\u00f3n \u201cpara nosotros es muy importante porque vamos a adquirir las destrezas en la preparaci\u00f3n de alimentos y tambi\u00e9n vamos a aprender a organizarnos en peque\u00f1as empresas que nos permitir\u00e1n ayudarnos econ\u00f3micamente\u201d.<\/span><\/span><\/p>\n<p class=\"western\" align=\"justify\"><span style=\"font-family: Arial, sans-serif;\"><span style=\"font-size: x-large;\">FM<\/span><\/span><\/p>\n<p class=\"western\" align=\"justify\">\n<p class=\"western\" align=\"justify\">\n","protected":false},"excerpt":{"rendered":"<p>** La formaci\u00f3n permitir\u00e1 que los participantes puedan desarollar toda la cadena productiva de harina con yuca, ocumo y otros tub\u00e9rculos<\/p>\n","protected":false},"author":15,"featured_media":33994,"comment_status":"closed","ping_status":"closed","sticky":false,"template":"","format":"standard","meta":{"footnotes":""},"categories":[2],"tags":[],"class_list":["post-33996","post","type-post","status-publish","format-standard","has-post-thumbnail","hentry","category-blog"],"_links":{"self":[{"href":"https:\/\/inces.gob.ve\/index.php\/wp-json\/wp\/v2\/posts\/33996","targetHints":{"allow":["GET"]}}],"collection":[{"href":"https:\/\/inces.gob.ve\/index.php\/wp-json\/wp\/v2\/posts"}],"about":[{"href":"https:\/\/inces.gob.ve\/index.php\/wp-json\/wp\/v2\/types\/post"}],"author":[{"embeddable":true,"href":"https:\/\/inces.gob.ve\/index.php\/wp-json\/wp\/v2\/users\/15"}],"replies":[{"embeddable":true,"href":"https:\/\/inces.gob.ve\/index.php\/wp-json\/wp\/v2\/comments?post=33996"}],"version-history":[{"count":1,"href":"https:\/\/inces.gob.ve\/index.php\/wp-json\/wp\/v2\/posts\/33996\/revisions"}],"predecessor-version":[{"id":33997,"href":"https:\/\/inces.gob.ve\/index.php\/wp-json\/wp\/v2\/posts\/33996\/revisions\/33997"}],"wp:featuredmedia":[{"embeddable":true,"href":"https:\/\/inces.gob.ve\/index.php\/wp-json\/wp\/v2\/media\/33994"}],"wp:attachment":[{"href":"https:\/\/inces.gob.ve\/index.php\/wp-json\/wp\/v2\/media?parent=33996"}],"wp:term":[{"taxonomy":"category","embeddable":true,"href":"https:\/\/inces.gob.ve\/index.php\/wp-json\/wp\/v2\/categories?post=33996"},{"taxonomy":"post_tag","embeddable":true,"href":"https:\/\/inces.gob.ve\/index.php\/wp-json\/wp\/v2\/tags?post=33996"}],"curies":[{"name":"wp","href":"https:\/\/api.w.org\/{rel}","templated":true}]}}