{"id":34021,"date":"2020-02-11T12:26:24","date_gmt":"2020-02-11T18:26:24","guid":{"rendered":"https:\/\/inces.gob.ve\/?p=34021"},"modified":"2020-05-28T20:34:43","modified_gmt":"2020-05-29T00:34:43","slug":"trujilo-bachillerato-productivo-formara-a-95-jovenes-de-hidrologica-trujillana","status":"publish","type":"post","link":"https:\/\/inces.gob.ve\/index.php\/2020\/02\/11\/trujilo-bachillerato-productivo-formara-a-95-jovenes-de-hidrologica-trujillana\/","title":{"rendered":"TRUJILO | Bachillerato productivo formar\u00e1 a 95 j\u00f3venes de Hidrol\u00f3gica Trujillana"},"content":{"rendered":"<p align=\"justify\"><span style=\"color: #000000;\"><span style=\"font-family: Arial, sans-serif;\"><span style=\"font-size: x-large;\">** <i><b>Esta oferta se canalizar\u00e1 a trav\u00e9s de las Unidades Educativas del Inces y se ejecutar\u00e1n en conjunto con las Unidades de Tecnolog\u00eda Educativa de las Gerencias Regionales<\/b><\/i><\/span><\/span><\/span><\/p>\n<p align=\"justify\">\n<!--more--><\/p>\n<p align=\"justify\"><a name=\"more-34014\"><\/a><span style=\"color: #000000;\"><span style=\"font-family: Arial, sans-serif;\"><span style=\"font-size: x-large;\"><strong>Mar\u00eda Cabrera<\/strong> | Prensa Inces <\/span><\/span><\/span><\/p>\n<p align=\"justify\"><span style=\"color: #000000;\"><span style=\"font-family: Arial, sans-serif;\"><span style=\"font-size: x-large;\">Para la Unidad B\u00e1sica Inces Trujillo este 2020 comenz\u00f3 muy movido gracias a los enlaces institucionales que se han activado en favor de un grupo de j\u00f3venes trujilanos que solicitaron el bachillerato productivo como opci\u00f3n formativa. <\/span><\/span><\/span><\/p>\n<p align=\"justify\"><span style=\"color: #000000;\"><span style=\"font-family: Arial, sans-serif;\"><span style=\"font-size: x-large;\">Esta apreciaci\u00f3n resulta del diagn\u00f3stico que se recoge del Centro de Formaci\u00f3n Socialista \u201cBarbarita de La Torre\u201d n\u00facleo donde opera la Unidad B\u00e1sica Inces-Trujillo a cargo de Solimar Morillo, donde el \u00faltimo trimestre del 2019 <\/span><\/span><\/span><strong><span style=\"color: #000000;\"><span style=\"font-family: Arial, sans-serif;\"><span style=\"font-size: x-large;\">se lograron importantes acuerdos para quienes no han culminado el bachillerato<\/span><\/span><\/span><\/strong><span style=\"color: #000000;\"><span style=\"font-family: Arial, sans-serif;\"><span style=\"font-size: x-large;\">.<\/span><\/span><\/span><\/p>\n<p align=\"justify\"><span style=\"color: #000000;\"><span style=\"font-family: Arial, sans-serif;\"><span style=\"font-size: x-large;\">Uno de esos acuerdos con las entidades de trabajos destaca el de la Hidrol\u00f3gica Trujillana, donde 95 j\u00f3venes est\u00e1n interesados en culminar los estudios a trav\u00e9s de la modalida del bachillerato productivo, adem\u00e1s del sistema de acreditaci\u00f3n y certificaci\u00f3n de saberes vinculados al perfil productivo del bachiller.<\/span><\/span><\/span><\/p>\n<p align=\"justify\"><span style=\"color: #000000;\"><span style=\"font-family: Arial, sans-serif;\"><span style=\"font-size: x-large;\">Esta oferta se canalizar\u00e1 a trav\u00e9s de las Unidades Educativas del Inces, y se ejecutar\u00e1n en conjunto con las Unidades de Tecnolog\u00eda Educativa, de las Gerencias Regionales, cumpliendo varios procedimientos t\u00e9cnicos y administrativos de vital importancia y que son en definitiva los que le dar\u00e1n la formalidad acad\u00e9mica del caso.<\/span><\/span><\/span><\/p>\n<p align=\"justify\"><span style=\"color: #000000;\"><span style=\"font-family: Arial, sans-serif;\"><span style=\"font-size: x-large;\">Las comunidades como La Floresta, Liceo Bolivariano \u201cRafael Rangel\u201d y Mercal, han manifestado su deseo de ser considerados para esta novedosa opci\u00f3n de estudio y as\u00ed unirse a estas 95 personas provenientes de Hidroandes-Trujillo. <\/span><\/span><\/span><\/p>\n<p align=\"justify\"><span style=\"color: #000000;\"><span style=\"font-family: Arial, sans-serif;\"><span style=\"font-size: x-large;\">F.M.<\/span><\/span><\/span><\/p>\n<p align=\"justify\">\n<p align=\"justify\">\n","protected":false},"excerpt":{"rendered":"<p>** Esta oferta se canalizar\u00e1 a trav\u00e9s de las Unidades Educativas del Inces y se ejecutar\u00e1n en conjunto con las Unidades de Tecnolog\u00eda Educativa de las Gerencias Regionales<\/p>\n","protected":false},"author":15,"featured_media":34015,"comment_status":"closed","ping_status":"closed","sticky":false,"template":"","format":"standard","meta":{"footnotes":""},"categories":[2],"tags":[],"class_list":["post-34021","post","type-post","status-publish","format-standard","has-post-thumbnail","hentry","category-blog"],"_links":{"self":[{"href":"https:\/\/inces.gob.ve\/index.php\/wp-json\/wp\/v2\/posts\/34021","targetHints":{"allow":["GET"]}}],"collection":[{"href":"https:\/\/inces.gob.ve\/index.php\/wp-json\/wp\/v2\/posts"}],"about":[{"href":"https:\/\/inces.gob.ve\/index.php\/wp-json\/wp\/v2\/types\/post"}],"author":[{"embeddable":true,"href":"https:\/\/inces.gob.ve\/index.php\/wp-json\/wp\/v2\/users\/15"}],"replies":[{"embeddable":true,"href":"https:\/\/inces.gob.ve\/index.php\/wp-json\/wp\/v2\/comments?post=34021"}],"version-history":[{"count":1,"href":"https:\/\/inces.gob.ve\/index.php\/wp-json\/wp\/v2\/posts\/34021\/revisions"}],"predecessor-version":[{"id":34022,"href":"https:\/\/inces.gob.ve\/index.php\/wp-json\/wp\/v2\/posts\/34021\/revisions\/34022"}],"wp:featuredmedia":[{"embeddable":true,"href":"https:\/\/inces.gob.ve\/index.php\/wp-json\/wp\/v2\/media\/34015"}],"wp:attachment":[{"href":"https:\/\/inces.gob.ve\/index.php\/wp-json\/wp\/v2\/media?parent=34021"}],"wp:term":[{"taxonomy":"category","embeddable":true,"href":"https:\/\/inces.gob.ve\/index.php\/wp-json\/wp\/v2\/categories?post=34021"},{"taxonomy":"post_tag","embeddable":true,"href":"https:\/\/inces.gob.ve\/index.php\/wp-json\/wp\/v2\/tags?post=34021"}],"curies":[{"name":"wp","href":"https:\/\/api.w.org\/{rel}","templated":true}]}}