{"id":34039,"date":"2020-02-11T14:06:10","date_gmt":"2020-02-11T20:06:10","guid":{"rendered":"https:\/\/inces.gob.ve\/?p=34039"},"modified":"2020-05-28T20:23:57","modified_gmt":"2020-05-29T00:23:57","slug":"portuguesa-atender-32-194-personas-reto-para-este-2020","status":"publish","type":"post","link":"https:\/\/inces.gob.ve\/index.php\/2020\/02\/11\/portuguesa-atender-32-194-personas-reto-para-este-2020\/","title":{"rendered":"PORTUGUESA |  Atender 32.194 personas reto para este 2020"},"content":{"rendered":"<p class=\"western\" align=\"justify\"><span style=\"font-family: Arial, sans-serif;\"><span style=\"font-size: x-large;\">**<i><b> 7 programas de formaci\u00f3n y diferentes \u00e1mbitos formativos son los medios para llegar al pueblo portuguese\u00f1o<\/b><\/i><\/span><\/span><\/p>\n<p align=\"justify\"><!--more--><\/p>\n<p align=\"justify\">\n<p class=\"western\" align=\"justify\"><span style=\"font-family: Arial, sans-serif;\"><span style=\"font-size: x-large;\"><b>\u00a0Jes\u00fas Eduardo P\u00e9rez |<\/b>Prensa Inces Portuguesa<\/span><\/span><\/p>\n<p class=\"western\" align=\"justify\"><span style=\"font-family: Arial, sans-serif;\"><span style=\"font-size: x-large;\">Con el objetivo de dar a conocer al pueblo el plan de formaci\u00f3n productiva del <b>Instituto Nacional de Capacitaci\u00f3n y Educaci\u00f3n Socialista Inces,<\/b> la gerente regional <b>Aracelis Bello,<\/b> particip\u00f3 en la entrevista del programa matutino <i><b>Hoy por Hoy,<\/b><\/i> de la televisora regional <b>Portuguesa Televisi\u00f3n,<\/b> moderado por la periodista <b>Nayari Gonz\u00e1lez.<\/b><\/span><\/span><\/p>\n<p class=\"western\" align=\"justify\"><span style=\"font-family: Arial, sans-serif;\"><span style=\"font-size: x-large;\">Al inicial la entrevista la gerente regional dio a conocer el n\u00famero de personas atendidas durante el 2019, lo cual calific\u00f3 como un gran logro para la instituci\u00f3n. \u201c28.000 personas atendidas en 2019, suena f\u00e1cil decirlo, pero es un gran esfuerzo de todo un equipo que trabaj\u00f3 incansablemente en cada CFS, comunidad, entidad de trabajo y otros espacios, pero que este 2020 tiene mayor compromiso y el reto de atender 32.194 personas, especialmente j\u00f3venes y mujeres a trav\u00e9s de los 7 programas de formaci\u00f3n como son: formaci\u00f3n productiva, Luisa C\u00e1ceres de Arismendi, acreditaci\u00f3n y certificaci\u00f3n de saberes, entre otros\u201d.<\/span><\/span><\/p>\n<p class=\"western\" align=\"justify\"><span style=\"font-family: Arial, sans-serif;\"><span style=\"font-size: x-large;\">Bello precis\u00f3 que, adem\u00e1s de los cursos, los j\u00f3venes portuguese\u00f1os, entre 14 y 18 a\u00f1os de edad, pueden participar en otros programas como el PNA y el Bachillerato productivo; dos programas important\u00edsimos para los j\u00f3venes, debido que les permiten formarse como aprendiz en el marco del proceso social del trabajo, adem\u00e1s de obtener su t\u00edtulo de bachiller y la certificaci\u00f3n de poseer los conocimientos t\u00e9cnicos y profesionales, garantizando de esta forma su incorporaci\u00f3n al campo laborar\u201d.<\/span><\/span><\/p>\n<p class=\"western\" align=\"justify\"><span style=\"font-family: Arial, sans-serif;\"><span style=\"font-size: x-large;\">Finalmente invit\u00f3 a la colectividad en general, a inscribirse solo con una copia de la c\u00e9dula de identidad en cualquiera de los 5 centros de formaci\u00f3n socialista ubicados en el estado Portuguesa e iniciar la formaci\u00f3n en las \u00e1reas correspondientes a los motores productivos de la Agenda Econ\u00f3mica Bolivariana.<\/span><\/span><\/p>\n<p class=\"western\" align=\"justify\"><a name=\"_GoBack\"><\/a> <span style=\"font-family: Arial, sans-serif;\"><span style=\"font-size: x-large;\">FM <\/span><\/span><\/p>\n","protected":false},"excerpt":{"rendered":"<p>** 7 programas de formaci\u00f3n y diferentes \u00e1mbitos formativos son los medios para llegar al pueblo portuguese\u00f1o<\/p>\n","protected":false},"author":15,"featured_media":34040,"comment_status":"closed","ping_status":"open","sticky":false,"template":"","format":"standard","meta":{"footnotes":""},"categories":[2],"tags":[],"class_list":["post-34039","post","type-post","status-publish","format-standard","has-post-thumbnail","hentry","category-blog"],"_links":{"self":[{"href":"https:\/\/inces.gob.ve\/index.php\/wp-json\/wp\/v2\/posts\/34039","targetHints":{"allow":["GET"]}}],"collection":[{"href":"https:\/\/inces.gob.ve\/index.php\/wp-json\/wp\/v2\/posts"}],"about":[{"href":"https:\/\/inces.gob.ve\/index.php\/wp-json\/wp\/v2\/types\/post"}],"author":[{"embeddable":true,"href":"https:\/\/inces.gob.ve\/index.php\/wp-json\/wp\/v2\/users\/15"}],"replies":[{"embeddable":true,"href":"https:\/\/inces.gob.ve\/index.php\/wp-json\/wp\/v2\/comments?post=34039"}],"version-history":[{"count":1,"href":"https:\/\/inces.gob.ve\/index.php\/wp-json\/wp\/v2\/posts\/34039\/revisions"}],"predecessor-version":[{"id":34041,"href":"https:\/\/inces.gob.ve\/index.php\/wp-json\/wp\/v2\/posts\/34039\/revisions\/34041"}],"wp:featuredmedia":[{"embeddable":true,"href":"https:\/\/inces.gob.ve\/index.php\/wp-json\/wp\/v2\/media\/34040"}],"wp:attachment":[{"href":"https:\/\/inces.gob.ve\/index.php\/wp-json\/wp\/v2\/media?parent=34039"}],"wp:term":[{"taxonomy":"category","embeddable":true,"href":"https:\/\/inces.gob.ve\/index.php\/wp-json\/wp\/v2\/categories?post=34039"},{"taxonomy":"post_tag","embeddable":true,"href":"https:\/\/inces.gob.ve\/index.php\/wp-json\/wp\/v2\/tags?post=34039"}],"curies":[{"name":"wp","href":"https:\/\/api.w.org\/{rel}","templated":true}]}}