{"id":34121,"date":"2020-02-13T09:38:53","date_gmt":"2020-02-13T15:38:53","guid":{"rendered":"https:\/\/inces.gob.ve\/?p=34121"},"modified":"2020-05-28T20:23:56","modified_gmt":"2020-05-29T00:23:56","slug":"lara-cayapa-de-limpieza-de-areas-para-la-siembra-de-rubros-alimenticios-2","status":"publish","type":"post","link":"https:\/\/inces.gob.ve\/index.php\/2020\/02\/13\/lara-cayapa-de-limpieza-de-areas-para-la-siembra-de-rubros-alimenticios-2\/","title":{"rendered":"Lara | cayapa de limpieza de \u00e1reas para la siembra de rubros alimenticios"},"content":{"rendered":"<p align=\"justify\"><em><strong><span style=\"font-family: Arial,sans-serif;\"><span style=\"font-size: x-large;\">** Son manos colectivas con voluntad y visi\u00f3n productiva<\/span><\/span><\/strong><\/em><\/p>\n<p align=\"justify\">\n<!--more--><\/p>\n<p align=\"justify\"><span style=\"font-family: Arial, sans-serif;\"><span style=\"font-size: x-large;\"><strong>DANNYS MORILLO<\/strong> | Prensa Inces Lara <\/span><\/span><\/p>\n<p align=\"justify\"><span style=\"font-family: Arial, sans-serif;\"><span style=\"font-size: x-large;\">Sin tiempo que perder Inces Lara se apertura en l<b>a activaci\u00f3n inmediata y la suma de voluntades en jornada de limpieza de las \u00e1reas productivas<\/b> desde el centro de formaci\u00f3n socialista Jos\u00e9 Pio Tamayo.<\/span><\/span><\/p>\n<p align=\"justify\"><span style=\"font-family: Arial, sans-serif;\"><span style=\"font-size: x-large;\">As\u00ed lo dio a conocer la coordinadora de Encadenamiento Productivo Yuraima D\u2019 Fillipo al tiempo que destac\u00f3 la <b>siembra en canteros de los rubros como ceboll\u00edn, cilantro, piment\u00f3n y caraotas.<\/b><\/span><\/span><\/p>\n<p align=\"justify\">\u201c<span style=\"font-family: Arial, sans-serif;\"><span style=\"font-size: x-large;\">Es una jornada entusiasta y comprometida, pues se trata de la f\u00f3rmula perfecta de amor y compromiso, que dar\u00e1 como resultado la cosecha de una genuina producci\u00f3n en tiempos de crisis, donde la uni\u00f3n y la conciencia juegan un papel muy importante\u201d enfatiz\u00f3 la ingeniero Yuraima D\u2019 Fillipo.<\/span><\/span><\/p>\n<p align=\"justify\"><span style=\"font-family: Arial, sans-serif;\"><span style=\"font-size: x-large;\">Siguiendo las orientaciones de nuestro gobierno revolucionario articulando con instituci\u00f3n y comunidades, estas iniciativas seguir\u00e1n fortaleci\u00e9ndose en aras de dar respuesta y aportar m\u00e1s que un grano de arena, en convicci\u00f3n y constancia, ahora m\u00e1s que nunca, garant\u00eda de uni\u00f3n e integridad necesarias para la lucha.<\/span><\/span><\/p>\n<p align=\"justify\"><span style=\"font-family: Arial, sans-serif;\"><span style=\"font-size: x-large;\">RB<\/span><\/span><\/p>\n<p align=\"justify\">\n","protected":false},"excerpt":{"rendered":"<p>** Son manos colectivas con voluntad y visi\u00f3n productiva<\/p>\n","protected":false},"author":15,"featured_media":34117,"comment_status":"closed","ping_status":"closed","sticky":false,"template":"","format":"standard","meta":{"footnotes":""},"categories":[2],"tags":[],"class_list":["post-34121","post","type-post","status-publish","format-standard","has-post-thumbnail","hentry","category-blog"],"_links":{"self":[{"href":"https:\/\/inces.gob.ve\/index.php\/wp-json\/wp\/v2\/posts\/34121","targetHints":{"allow":["GET"]}}],"collection":[{"href":"https:\/\/inces.gob.ve\/index.php\/wp-json\/wp\/v2\/posts"}],"about":[{"href":"https:\/\/inces.gob.ve\/index.php\/wp-json\/wp\/v2\/types\/post"}],"author":[{"embeddable":true,"href":"https:\/\/inces.gob.ve\/index.php\/wp-json\/wp\/v2\/users\/15"}],"replies":[{"embeddable":true,"href":"https:\/\/inces.gob.ve\/index.php\/wp-json\/wp\/v2\/comments?post=34121"}],"version-history":[{"count":1,"href":"https:\/\/inces.gob.ve\/index.php\/wp-json\/wp\/v2\/posts\/34121\/revisions"}],"predecessor-version":[{"id":34122,"href":"https:\/\/inces.gob.ve\/index.php\/wp-json\/wp\/v2\/posts\/34121\/revisions\/34122"}],"wp:featuredmedia":[{"embeddable":true,"href":"https:\/\/inces.gob.ve\/index.php\/wp-json\/wp\/v2\/media\/34117"}],"wp:attachment":[{"href":"https:\/\/inces.gob.ve\/index.php\/wp-json\/wp\/v2\/media?parent=34121"}],"wp:term":[{"taxonomy":"category","embeddable":true,"href":"https:\/\/inces.gob.ve\/index.php\/wp-json\/wp\/v2\/categories?post=34121"},{"taxonomy":"post_tag","embeddable":true,"href":"https:\/\/inces.gob.ve\/index.php\/wp-json\/wp\/v2\/tags?post=34121"}],"curies":[{"name":"wp","href":"https:\/\/api.w.org\/{rel}","templated":true}]}}