{"id":34123,"date":"2020-02-13T10:17:22","date_gmt":"2020-02-13T16:17:22","guid":{"rendered":"https:\/\/inces.gob.ve\/?p=34123"},"modified":"2020-05-28T20:23:56","modified_gmt":"2020-05-29T00:23:56","slug":"bolivar-se-conmemoraron-los-206-anos-de-la-juventud-venezolana","status":"publish","type":"post","link":"https:\/\/inces.gob.ve\/index.php\/2020\/02\/13\/bolivar-se-conmemoraron-los-206-anos-de-la-juventud-venezolana\/","title":{"rendered":"Bol\u00edvar| Se conmemoraron los 206 a\u00f1os de la Juventud Venezolana"},"content":{"rendered":"<p align=\"justify\"><span style=\"font-family: Arial, sans-serif;\"><span style=\"font-size: x-large;\"><i><b>** Hoy en d\u00eda los j\u00f3venes siguen a la vanguardia de garantizar una Venezuela libre <\/b><\/i><\/span><\/span><\/p>\n<p align=\"justify\">\n<!--more--><\/p>\n<p align=\"justify\">\n<p align=\"justify\"><span style=\"font-family: Arial, sans-serif;\"><span style=\"font-size: x-large;\"><b>Alexssia Thomas<\/b> | Prensa Bolivar<\/span><\/span><\/p>\n<p align=\"justify\"><span style=\"font-family: Arial, sans-serif;\"><span style=\"font-size: x-large;\">En esta semana se celebra los 206 a\u00f1os del d\u00eda de la Juventud \u201cBatalla de la Victoria\u201d, en honor a todos los j\u00f3venes luchadores que acompa\u00f1aron al general Jos\u00e9 F\u00e9lix Ribas el 12 de febrero del a\u00f1o 1814 a enfrentar al ejercito del realista Jos\u00e9 Tomas Boves, que avanzaba a la Ciudad de Caracas para acabar con la segunda Rep\u00fablica.<\/span><\/span><\/p>\n<p align=\"justify\"><span style=\"font-family: Arial, sans-serif;\"><span style=\"font-size: x-large;\">Se trata de una de las batallas m\u00e1s memorables de la Guerra de Independencia en Venezuela, ganada el de febrero de 1814, cuando el general Jos\u00e9 F\u00e9lix Ribas junto a estudiantes de la Universidad y del Seminario de Caracas, venci\u00f3 a las fuerzas realistas en la poblaci\u00f3n de La Victoria, en Aragua.<\/span><\/span><\/p>\n<p align=\"justify\"><span style=\"font-family: Arial, sans-serif;\"><span style=\"font-size: x-large;\"><img loading=\"lazy\" decoding=\"async\" class=\"aligncenter wp-image-34126 size-full\" src=\"https:\/\/www.inces.gob.ve\/wp-content\/uploads\/2020\/02\/Inces-conmemoran-los-206-a\u00f1os-Juventud-Venezolana3-.jpeg\" alt=\"\" width=\"800\" height=\"576\" srcset=\"https:\/\/inces.gob.ve\/wp-content\/uploads\/2020\/02\/Inces-conmemoran-los-206-a\u00f1os-Juventud-Venezolana3-.jpeg 800w, https:\/\/inces.gob.ve\/wp-content\/uploads\/2020\/02\/Inces-conmemoran-los-206-a\u00f1os-Juventud-Venezolana3--300x216.jpeg 300w, https:\/\/inces.gob.ve\/wp-content\/uploads\/2020\/02\/Inces-conmemoran-los-206-a\u00f1os-Juventud-Venezolana3--768x553.jpeg 768w\" sizes=\"auto, (max-width: 800px) 100vw, 800px\" \/><\/span><\/span><\/p>\n<p align=\"justify\"><span style=\"font-family: Arial, sans-serif;\"><span style=\"font-size: x-large;\">A 206 a\u00f1os de este hecho trascendental en la historia del pa\u00eds, es importante mencionar que la Juventud Productiva del Inces juega un papel protag\u00f3nico en la transformaci\u00f3n pol\u00edtica y social de la Revoluci\u00f3n Bolivariana, siguiendo el ejemplo de aquellos j\u00f3venes patriotas que dieron sus vidas para defender a su pa\u00eds.<\/span><\/span><\/p>\n<p align=\"justify\"><a name=\"m_-455180638868632588__GoBack\"><\/a><span style=\"font-family: Arial, sans-serif;\"><span style=\"font-size: x-large;\">A trav\u00e9s capacitaci\u00f3n , proyectos, brigadas productivas, actividades culturales y socio pol\u00edticas, el Inces Bol\u00edvar ha trabajado con participantes, estudiantes del Bachillerato Productivo, aprendices y j\u00f3venes de las comunidades que se han dado la tarea de impulsar la producci\u00f3n en los Centros de Formaci\u00f3n Socialistas, luchando as\u00ed contra la guerra pol\u00edtica y econ\u00f3mica impuesta por el imperialismo.<\/span><\/span><\/p>\n<p align=\"justify\"><span style=\"font-family: Arial, sans-serif;\"><span style=\"font-size: x-large;\">El coordinador de la Juventud Productiva del Inces Bol\u00edvar, Pedro Paiva, expres\u00f3 \u201cfelicitamos a esos j\u00f3venes que con \u00edmpetu luchan junto a nuestro presidente Nicol\u00e1s Maduro ante el bloqueo econ\u00f3mico que oprime al pueblo Venezolano. Es por ello que desde el Inces los j\u00f3venes tomamos la batuta para producir, trabajar y brindar propuestas a nuestro gobierno nacional para vencer esta guerra y convertirnos nuevamente en protagonistas de nuestra historia\u201d<\/span><\/span><\/p>\n<p align=\"justify\"><span style=\"font-family: Arial, sans-serif;\"><span style=\"font-size: x-large;\"><img loading=\"lazy\" decoding=\"async\" class=\"aligncenter wp-image-34125 size-full\" src=\"https:\/\/www.inces.gob.ve\/wp-content\/uploads\/2020\/02\/Inces-conmemoran-los-206-a\u00f1os-Juventud-Venezolana2-.jpeg\" alt=\"\" width=\"800\" height=\"447\" srcset=\"https:\/\/inces.gob.ve\/wp-content\/uploads\/2020\/02\/Inces-conmemoran-los-206-a\u00f1os-Juventud-Venezolana2-.jpeg 800w, https:\/\/inces.gob.ve\/wp-content\/uploads\/2020\/02\/Inces-conmemoran-los-206-a\u00f1os-Juventud-Venezolana2--300x168.jpeg 300w, https:\/\/inces.gob.ve\/wp-content\/uploads\/2020\/02\/Inces-conmemoran-los-206-a\u00f1os-Juventud-Venezolana2--768x429.jpeg 768w\" sizes=\"auto, (max-width: 800px) 100vw, 800px\" \/><\/span><\/span><\/p>\n<p align=\"justify\"><span style=\"font-family: Arial, sans-serif;\"><span style=\"font-size: x-large;\">Por su parte, Alejandro Barrios, participante de la brigada productiva de Barber\u00eda, inst\u00f3 a la juventud venezolana \u201ca reflexionar y seguir impulsando nuevos proyectos sociales en pro del bienestar del pueblo\u201d<\/span><\/span><\/p>\n<p align=\"justify\"><span style=\"font-family: Arial, sans-serif;\"><span style=\"font-size: x-large;\"><strong>Formando y produciendo<\/strong> <\/span><\/span><\/p>\n<p align=\"justify\"><span style=\"font-family: Arial, sans-serif;\"><span style=\"font-size: x-large;\">La Juventud productiva present\u00f3 un cronograma de actividades las cuales estar\u00e1n enfocadas en un plan de acci\u00f3n pol\u00edtico dedicado a la juventud, tomando como principales banderas de lucha; a la formaci\u00f3n, producci\u00f3n, comunicaci\u00f3n y recreaci\u00f3n a trav\u00e9s de una metodolog\u00eda de atenci\u00f3n estrat\u00e9gica fomentando el amor, la paz y el optimismo del pueblo.<\/span><\/span><\/p>\n<p align=\"justify\"><span style=\"font-family: Arial, sans-serif;\"><span style=\"font-size: x-large;\">Paiva, hizo el llamado a Juventud a seguir construyendo el futuro del pa\u00eds, enfatizando \u201cque podr\u00e1n pasar muchas batallas, pero estar\u00e1n seguros que obtendr\u00e1n la victoria de una Venezuela pr\u00f3spera\u201d.<\/span><\/span><\/p>\n<p align=\"justify\"><span style=\"font-family: Arial, sans-serif;\"><span style=\"font-size: x-large;\">RB<\/span><\/span><\/p>\n","protected":false},"excerpt":{"rendered":"<p>** Hoy en d\u00eda los j\u00f3venes siguen a la vanguardia de garantizar una Venezuela libre<\/p>\n","protected":false},"author":15,"featured_media":34124,"comment_status":"closed","ping_status":"closed","sticky":false,"template":"","format":"standard","meta":{"footnotes":""},"categories":[2],"tags":[],"class_list":["post-34123","post","type-post","status-publish","format-standard","has-post-thumbnail","hentry","category-blog"],"_links":{"self":[{"href":"https:\/\/inces.gob.ve\/index.php\/wp-json\/wp\/v2\/posts\/34123","targetHints":{"allow":["GET"]}}],"collection":[{"href":"https:\/\/inces.gob.ve\/index.php\/wp-json\/wp\/v2\/posts"}],"about":[{"href":"https:\/\/inces.gob.ve\/index.php\/wp-json\/wp\/v2\/types\/post"}],"author":[{"embeddable":true,"href":"https:\/\/inces.gob.ve\/index.php\/wp-json\/wp\/v2\/users\/15"}],"replies":[{"embeddable":true,"href":"https:\/\/inces.gob.ve\/index.php\/wp-json\/wp\/v2\/comments?post=34123"}],"version-history":[{"count":1,"href":"https:\/\/inces.gob.ve\/index.php\/wp-json\/wp\/v2\/posts\/34123\/revisions"}],"predecessor-version":[{"id":34127,"href":"https:\/\/inces.gob.ve\/index.php\/wp-json\/wp\/v2\/posts\/34123\/revisions\/34127"}],"wp:featuredmedia":[{"embeddable":true,"href":"https:\/\/inces.gob.ve\/index.php\/wp-json\/wp\/v2\/media\/34124"}],"wp:attachment":[{"href":"https:\/\/inces.gob.ve\/index.php\/wp-json\/wp\/v2\/media?parent=34123"}],"wp:term":[{"taxonomy":"category","embeddable":true,"href":"https:\/\/inces.gob.ve\/index.php\/wp-json\/wp\/v2\/categories?post=34123"},{"taxonomy":"post_tag","embeddable":true,"href":"https:\/\/inces.gob.ve\/index.php\/wp-json\/wp\/v2\/tags?post=34123"}],"curies":[{"name":"wp","href":"https:\/\/api.w.org\/{rel}","templated":true}]}}