{"id":34149,"date":"2020-02-13T12:29:59","date_gmt":"2020-02-13T18:29:59","guid":{"rendered":"https:\/\/inces.gob.ve\/?p=34149"},"modified":"2020-05-28T20:33:32","modified_gmt":"2020-05-29T00:33:32","slug":"amazonas-inces-establece-primera-reunion-con-el-sector-educativo-de-la-entidad","status":"publish","type":"post","link":"https:\/\/inces.gob.ve\/index.php\/2020\/02\/13\/amazonas-inces-establece-primera-reunion-con-el-sector-educativo-de-la-entidad\/","title":{"rendered":"Amazonas | Inces establece primera reuni\u00f3n con el sector educativo de la entidad"},"content":{"rendered":"<p align=\"justify\"><span style=\"font-family: Arial, sans-serif;\"><span style=\"font-size: x-large;\"><b>*<i>*Cada 15 d\u00edas el circuito 1 de las entidades educativas debatir\u00e1n las estrategias en materia de formaci\u00f3n de las necesidades de cada zona<\/i><\/b><\/span><\/span><\/p>\n<p align=\"justify\"><!--more--><\/p>\n<p align=\"justify\">\n<p align=\"justify\"><span style=\"font-family: Arial, sans-serif;\"><span style=\"font-size: x-large;\"><b>F\u00e9lix Ruiz | Prensa Amazonas<\/b><\/span><\/span><\/p>\n<p align=\"justify\"><span style=\"font-family: Arial, sans-serif;\"><span style=\"font-size: x-large;\">Con el firme prop\u00f3sito de seguir avanzado y trabajar mancomunadamente con el sector educativo <b>se realiz\u00f3 la primera reuni\u00f3n de directores en los espacios del CFS Cacique Aramare .<\/b><\/span><\/span><\/p>\n<p align=\"justify\"><span style=\"font-family: Arial, sans-serif;\"><span style=\"font-size: x-large;\"><b>Esto con la finalidad de intercambian saberes en los diferentes aspectos tanto pedag\u00f3gico, cultural y educativo<\/b>, durante esta reuni\u00f3n <b>se establecieron crear estrategias, planes de acci\u00f3n del cronograma y de actividades educativas, <\/b>para saber y solventar las necesidades que tenga cada instituci\u00f3n.<\/span><\/span><\/p>\n<p align=\"justify\"><span style=\"font-family: Arial, sans-serif;\"><span style=\"font-size: x-large;\">Cabe mencionar que el circuito 1 que viene conformada de los diferentes directores, comprende de las instituciones educativas del Preescolar Menca de Leoni, Escuela B\u00e1sica Menca de Leoni, Casa de los Ni\u00f1os Guanadi, Preescolar Rio Ventuari, Liceo Madre Candelaria y el Preescolar El Para\u00edso.<\/span><\/span><\/p>\n<p align=\"justify\"><span style=\"font-family: Arial, sans-serif;\"><span style=\"font-size: x-large;\">RB<\/span><\/span><\/p>\n","protected":false},"excerpt":{"rendered":"<p>**Cada 15 d\u00edas el circuito 1 de las entidades educativas debatir\u00e1n las estrategias en materia de formaci\u00f3n de las necesidades de cada zona<\/p>\n","protected":false},"author":15,"featured_media":34150,"comment_status":"closed","ping_status":"closed","sticky":false,"template":"","format":"standard","meta":{"footnotes":""},"categories":[2],"tags":[],"class_list":["post-34149","post","type-post","status-publish","format-standard","has-post-thumbnail","hentry","category-blog"],"_links":{"self":[{"href":"https:\/\/inces.gob.ve\/index.php\/wp-json\/wp\/v2\/posts\/34149","targetHints":{"allow":["GET"]}}],"collection":[{"href":"https:\/\/inces.gob.ve\/index.php\/wp-json\/wp\/v2\/posts"}],"about":[{"href":"https:\/\/inces.gob.ve\/index.php\/wp-json\/wp\/v2\/types\/post"}],"author":[{"embeddable":true,"href":"https:\/\/inces.gob.ve\/index.php\/wp-json\/wp\/v2\/users\/15"}],"replies":[{"embeddable":true,"href":"https:\/\/inces.gob.ve\/index.php\/wp-json\/wp\/v2\/comments?post=34149"}],"version-history":[{"count":1,"href":"https:\/\/inces.gob.ve\/index.php\/wp-json\/wp\/v2\/posts\/34149\/revisions"}],"predecessor-version":[{"id":34151,"href":"https:\/\/inces.gob.ve\/index.php\/wp-json\/wp\/v2\/posts\/34149\/revisions\/34151"}],"wp:featuredmedia":[{"embeddable":true,"href":"https:\/\/inces.gob.ve\/index.php\/wp-json\/wp\/v2\/media\/34150"}],"wp:attachment":[{"href":"https:\/\/inces.gob.ve\/index.php\/wp-json\/wp\/v2\/media?parent=34149"}],"wp:term":[{"taxonomy":"category","embeddable":true,"href":"https:\/\/inces.gob.ve\/index.php\/wp-json\/wp\/v2\/categories?post=34149"},{"taxonomy":"post_tag","embeddable":true,"href":"https:\/\/inces.gob.ve\/index.php\/wp-json\/wp\/v2\/tags?post=34149"}],"curies":[{"name":"wp","href":"https:\/\/api.w.org\/{rel}","templated":true}]}}