{"id":34155,"date":"2020-02-13T12:53:07","date_gmt":"2020-02-13T18:53:07","guid":{"rendered":"https:\/\/inces.gob.ve\/?p=34155"},"modified":"2020-05-28T20:23:56","modified_gmt":"2020-05-29T00:23:56","slug":"nueva-esparta-a-traves-de-las-brigadas-productivas","status":"publish","type":"post","link":"https:\/\/inces.gob.ve\/index.php\/2020\/02\/13\/nueva-esparta-a-traves-de-las-brigadas-productivas\/","title":{"rendered":"Nueva Esparta |  A Trav\u00e9s de las Brigadas Productivas"},"content":{"rendered":"<p align=\"justify\"><span style=\"font-family: Arial, sans-serif;\"><span style=\"font-size: x-large;\"><b>** Inces y Corpo Nueva Esparta acuerdan recuperar sistema el\u00e9ctrico y refrigeraci\u00f3n en espacios p\u00fablicos **<\/b><\/span><\/span><\/p>\n<p align=\"justify\">\n<p align=\"justify\"><!--more--><\/p>\n<p align=\"left\"><span style=\"font-family: Arial, sans-serif;\"><span style=\"font-size: x-large;\"><b>Francis Moreno CNP 24.968 | Prensa Inces <\/b><\/span><\/span><\/p>\n<p align=\"justify\"><span style=\"font-family: Arial, sans-serif;\"><span style=\"font-size: x-large;\"><b>Fotos: Alex Andarcia<\/b><\/span><\/span><\/p>\n<p align=\"justify\"><span style=\"font-family: Arial, sans-serif;\"><span style=\"font-size: x-large;\"><b>Corpo Nueva Esparta y el Instituto Nacional de Capacitaci\u00f3n y Educaci\u00f3n Socialista Inces, lograron acuerdos importantes que beneficiar\u00e1n el sistema de salud e instalaciones p\u00fablicas mediante las brigadas productivas de refrigeraci\u00f3n, electricidad y herrer\u00eda.<\/b><\/span><\/span><\/p>\n<p align=\"justify\"><span style=\"font-family: Arial, sans-serif;\"><span style=\"font-size: x-large;\"><b>La alianza estrat\u00e9gica fue acordada entre el presidente de Corpo Nueva Esparta Dante Rivas, y el gerente regional del Inces Alex Andarcia, quienes de manera inmediata empezaron las labores en la recuperaci\u00f3n del sistema el\u00e9ctrico en el \u00e1rea de magnetolog\u00eda del Instituto de Previsi\u00f3n y Asistencia Social del Ministerio de Educaci\u00f3n Ipasme.<\/b><\/span><\/span><\/p>\n<p align=\"justify\"><span style=\"font-family: Arial, sans-serif;\"><span style=\"font-size: x-large;\"><b>\u00abCon esta acci\u00f3n se impulsa la producci\u00f3n y la formaci\u00f3n del pueblo en todos los espacios\u00bb, as\u00ed lo afirm\u00f3 el presidente de Corpo Nueva Esparta Dante Rivas.<\/b><\/span><\/span><\/p>\n<p align=\"justify\"><span style=\"font-family: Arial, sans-serif;\"><span style=\"font-size: x-large;\"><b><img loading=\"lazy\" decoding=\"async\" class=\"aligncenter wp-image-34156 size-full\" src=\"https:\/\/www.inces.gob.ve\/wp-content\/uploads\/2020\/02\/Inces-Nueva-Esparta-Brigadas-Productivas-1-.jpg\" alt=\"\" width=\"800\" height=\"389\" srcset=\"https:\/\/inces.gob.ve\/wp-content\/uploads\/2020\/02\/Inces-Nueva-Esparta-Brigadas-Productivas-1-.jpg 800w, https:\/\/inces.gob.ve\/wp-content\/uploads\/2020\/02\/Inces-Nueva-Esparta-Brigadas-Productivas-1--300x146.jpg 300w, https:\/\/inces.gob.ve\/wp-content\/uploads\/2020\/02\/Inces-Nueva-Esparta-Brigadas-Productivas-1--768x373.jpg 768w\" sizes=\"auto, (max-width: 800px) 100vw, 800px\" \/><\/b><\/span><\/span><\/p>\n<p align=\"justify\"><span style=\"font-family: Arial, sans-serif;\"><span style=\"font-size: x-large;\"><b>Alex Andarcia, manifest\u00f3 que las brigadas del Inces ya tienen formulado un plan similar al ejecutado en el Ipasme, el cual prev\u00e9 direccionar a los hospitales de Juan Griego en Marcano, y posteriormente Salamanca, ubicado en La Asunci\u00f3n municipio Arismendi, esto con el fin de dar funcionamiento a los equipos que benefician a la comunidad de ese sector y al colectivo en general.<\/b><\/span><\/span><\/p>\n<p align=\"justify\"><span style=\"font-family: Arial, sans-serif;\"><span style=\"font-size: x-large;\">El gerente del Inces, se\u00f1al\u00f3 que desde la instituci\u00f3n se apoya la gesti\u00f3n de la corporaci\u00f3n y los trabajadores est\u00e1n dispuestos a trabajar por Venezuela y luchar por la econom\u00eda productiva. <\/span><\/span><\/p>\n<p align=\"justify\"><span style=\"font-family: Arial, sans-serif;\"><span style=\"font-size: x-large;\">RB<\/span><\/span><\/p>\n","protected":false},"excerpt":{"rendered":"<p>** Inces y Corpo Nueva Esparta acuerdan recuperar sistema el\u00e9ctrico y refrigeraci\u00f3n en espacios p\u00fablicos **<\/p>\n","protected":false},"author":15,"featured_media":34157,"comment_status":"closed","ping_status":"closed","sticky":false,"template":"","format":"standard","meta":{"footnotes":""},"categories":[2],"tags":[125],"class_list":["post-34155","post","type-post","status-publish","format-standard","has-post-thumbnail","hentry","category-blog","tag-inces-y-corpo-nueva-esparta-acuerdan-recuperar-sistema-electrico"],"_links":{"self":[{"href":"https:\/\/inces.gob.ve\/index.php\/wp-json\/wp\/v2\/posts\/34155","targetHints":{"allow":["GET"]}}],"collection":[{"href":"https:\/\/inces.gob.ve\/index.php\/wp-json\/wp\/v2\/posts"}],"about":[{"href":"https:\/\/inces.gob.ve\/index.php\/wp-json\/wp\/v2\/types\/post"}],"author":[{"embeddable":true,"href":"https:\/\/inces.gob.ve\/index.php\/wp-json\/wp\/v2\/users\/15"}],"replies":[{"embeddable":true,"href":"https:\/\/inces.gob.ve\/index.php\/wp-json\/wp\/v2\/comments?post=34155"}],"version-history":[{"count":1,"href":"https:\/\/inces.gob.ve\/index.php\/wp-json\/wp\/v2\/posts\/34155\/revisions"}],"predecessor-version":[{"id":34158,"href":"https:\/\/inces.gob.ve\/index.php\/wp-json\/wp\/v2\/posts\/34155\/revisions\/34158"}],"wp:featuredmedia":[{"embeddable":true,"href":"https:\/\/inces.gob.ve\/index.php\/wp-json\/wp\/v2\/media\/34157"}],"wp:attachment":[{"href":"https:\/\/inces.gob.ve\/index.php\/wp-json\/wp\/v2\/media?parent=34155"}],"wp:term":[{"taxonomy":"category","embeddable":true,"href":"https:\/\/inces.gob.ve\/index.php\/wp-json\/wp\/v2\/categories?post=34155"},{"taxonomy":"post_tag","embeddable":true,"href":"https:\/\/inces.gob.ve\/index.php\/wp-json\/wp\/v2\/tags?post=34155"}],"curies":[{"name":"wp","href":"https:\/\/api.w.org\/{rel}","templated":true}]}}