{"id":34162,"date":"2020-02-13T13:36:57","date_gmt":"2020-02-13T19:36:57","guid":{"rendered":"https:\/\/inces.gob.ve\/?p=34162"},"modified":"2020-05-28T20:23:56","modified_gmt":"2020-05-29T00:23:56","slug":"bolivar-en-conmemoracion-del-dia-de-la-juventud-el-inces-fue-reconocido","status":"publish","type":"post","link":"https:\/\/inces.gob.ve\/index.php\/2020\/02\/13\/bolivar-en-conmemoracion-del-dia-de-la-juventud-el-inces-fue-reconocido\/","title":{"rendered":"Bol\u00edvar | En conmemoraci\u00f3n del D\u00eda de la Juventud el Inces fue reconocido"},"content":{"rendered":"<p align=\"justify\"><span style=\"font-family: Arial, sans-serif;\"><span style=\"font-size: x-large;\"><b>** Estudiantes de la Unidad Educativa, brigadistas y aprendices representaron al Inces durante Sesi\u00f3n Especial <\/b><\/span><\/span><\/p>\n<p align=\"justify\">\n<!--more--><\/p>\n<p align=\"justify\"><span style=\"font-family: Arial, sans-serif;\"><span style=\"font-size: x-large;\"><b>ALEXSSIA THOMAS | Prensa Inces <\/b><\/span><\/span><\/p>\n<p align=\"justify\"><span style=\"font-family: Arial, sans-serif;\"><span style=\"font-size: x-large;\"><b>Para conmemorar los 206 a\u00f1os de la Batalla de la Victoria y D\u00eda de la Juventud el Concejo Municipal y la Alcald\u00eda de Caron\u00ed realizaron una sesi\u00f3n especial en la plaza Bol\u00edvar de San F\u00e9lix.<\/b><\/span><\/span><\/p>\n<p align=\"justify\"><span style=\"font-family: Arial, sans-serif;\"><span style=\"font-size: x-large;\"><b>La actividad cont\u00f3 con la asistencia del Alcalde del municipio Caron\u00ed Tito Oviedo, concejales y una masiva representaci\u00f3n de la Juventud del Partido Socialista Unido de Venezuela (JPSUV), y movimientos sociales.<\/b><\/span><\/span><\/p>\n<p align=\"justify\"><span style=\"font-family: Arial, sans-serif;\"><span style=\"font-size: x-large;\"><b><img loading=\"lazy\" decoding=\"async\" class=\"aligncenter wp-image-34165 size-full\" src=\"https:\/\/www.inces.gob.ve\/wp-content\/uploads\/2020\/02\/INCES-Juventud-el-Inces-fue-reconocido-4-.jpg\" alt=\"\" width=\"800\" height=\"450\" srcset=\"https:\/\/inces.gob.ve\/wp-content\/uploads\/2020\/02\/INCES-Juventud-el-Inces-fue-reconocido-4-.jpg 800w, https:\/\/inces.gob.ve\/wp-content\/uploads\/2020\/02\/INCES-Juventud-el-Inces-fue-reconocido-4--300x169.jpg 300w, https:\/\/inces.gob.ve\/wp-content\/uploads\/2020\/02\/INCES-Juventud-el-Inces-fue-reconocido-4--768x432.jpg 768w\" sizes=\"auto, (max-width: 800px) 100vw, 800px\" \/><\/b><\/span><\/span><\/p>\n<p align=\"justify\"><a name=\"m_8172971079241594598__GoBack\"><\/a> <span style=\"font-family: Arial, sans-serif;\"><span style=\"font-size: x-large;\">Ante esta celebraci\u00f3n <b>el Instituto Nacional de Capacitaci\u00f3n y Educaci\u00f3n Socialista (Inces), de Bol\u00edvar estuvo representado por todos los j\u00f3venes que pertenecen a la Juventud Productiva,<\/b> voceros de las Unidades Educativas, participantes de formaciones y el movimiento de aprendices.<\/span><\/span><\/p>\n<p align=\"justify\"><span style=\"font-family: Arial, sans-serif;\"><span style=\"font-size: x-large;\">El acto fue propicio para que el Inces fuera reconocido como instituto pionero en impartir formaci\u00f3n en un oficio productivo a los m\u00e1s j\u00f3venes del pa\u00eds.<\/span><\/span><\/p>\n<p align=\"justify\"><span style=\"font-family: Arial, sans-serif;\"><span style=\"font-size: x-large;\"><b>Oviedo expres\u00f3 \u2018\u2019 Hoy hacemos esta entrega de reconocimiento al Inces quien ha brindado capacitaci\u00f3n e inclusi\u00f3n a la juventud. Agradecemos a la gerente regional Ruth Jim\u00e9nez con quien hemos realizados alianzas estrat\u00e9gicas para seguir reivindicando a la juventud\u201d.<\/b><\/span><\/span><\/p>\n<p align=\"justify\"><img loading=\"lazy\" decoding=\"async\" class=\"aligncenter wp-image-34164 size-full\" src=\"https:\/\/www.inces.gob.ve\/wp-content\/uploads\/2020\/02\/INCES-Juventud-el-Inces-fue-reconocido-3-.jpg\" alt=\"\" width=\"800\" height=\"600\" srcset=\"https:\/\/inces.gob.ve\/wp-content\/uploads\/2020\/02\/INCES-Juventud-el-Inces-fue-reconocido-3-.jpg 800w, https:\/\/inces.gob.ve\/wp-content\/uploads\/2020\/02\/INCES-Juventud-el-Inces-fue-reconocido-3--300x225.jpg 300w, https:\/\/inces.gob.ve\/wp-content\/uploads\/2020\/02\/INCES-Juventud-el-Inces-fue-reconocido-3--768x576.jpg 768w, https:\/\/inces.gob.ve\/wp-content\/uploads\/2020\/02\/INCES-Juventud-el-Inces-fue-reconocido-3--136x102.jpg 136w\" sizes=\"auto, (max-width: 800px) 100vw, 800px\" \/><\/p>\n<p align=\"justify\"><span style=\"font-family: Arial, sans-serif;\"><span style=\"font-size: x-large;\">Oviedo llam\u00f3 a los j\u00f3venes a reafirmar la esperanza del futuro de Venezuela. Afirmo que la nueva generaci\u00f3n son garantes del impulso de la revoluci\u00f3n bolivariana.<\/span><\/span><\/p>\n<p align=\"justify\"><span style=\"font-family: Arial, sans-serif;\"><span style=\"font-size: x-large;\">RB<\/span><\/span><\/p>\n","protected":false},"excerpt":{"rendered":"<p>** Estudiantes de la Unidad Educativa, brigadistas y aprendices representaron al Inces durante Sesi\u00f3n Especial<\/p>\n","protected":false},"author":15,"featured_media":34163,"comment_status":"closed","ping_status":"closed","sticky":false,"template":"","format":"standard","meta":{"footnotes":""},"categories":[2],"tags":[126],"class_list":["post-34162","post","type-post","status-publish","format-standard","has-post-thumbnail","hentry","category-blog","tag-bolivar-206-anos-de-la-batalla-de-la-victoria-y-dia-de-la-juventud"],"_links":{"self":[{"href":"https:\/\/inces.gob.ve\/index.php\/wp-json\/wp\/v2\/posts\/34162","targetHints":{"allow":["GET"]}}],"collection":[{"href":"https:\/\/inces.gob.ve\/index.php\/wp-json\/wp\/v2\/posts"}],"about":[{"href":"https:\/\/inces.gob.ve\/index.php\/wp-json\/wp\/v2\/types\/post"}],"author":[{"embeddable":true,"href":"https:\/\/inces.gob.ve\/index.php\/wp-json\/wp\/v2\/users\/15"}],"replies":[{"embeddable":true,"href":"https:\/\/inces.gob.ve\/index.php\/wp-json\/wp\/v2\/comments?post=34162"}],"version-history":[{"count":1,"href":"https:\/\/inces.gob.ve\/index.php\/wp-json\/wp\/v2\/posts\/34162\/revisions"}],"predecessor-version":[{"id":34166,"href":"https:\/\/inces.gob.ve\/index.php\/wp-json\/wp\/v2\/posts\/34162\/revisions\/34166"}],"wp:featuredmedia":[{"embeddable":true,"href":"https:\/\/inces.gob.ve\/index.php\/wp-json\/wp\/v2\/media\/34163"}],"wp:attachment":[{"href":"https:\/\/inces.gob.ve\/index.php\/wp-json\/wp\/v2\/media?parent=34162"}],"wp:term":[{"taxonomy":"category","embeddable":true,"href":"https:\/\/inces.gob.ve\/index.php\/wp-json\/wp\/v2\/categories?post=34162"},{"taxonomy":"post_tag","embeddable":true,"href":"https:\/\/inces.gob.ve\/index.php\/wp-json\/wp\/v2\/tags?post=34162"}],"curies":[{"name":"wp","href":"https:\/\/api.w.org\/{rel}","templated":true}]}}