{"id":34235,"date":"2020-02-15T08:32:13","date_gmt":"2020-02-15T14:32:13","guid":{"rendered":"https:\/\/inces.gob.ve\/?p=34235"},"modified":"2020-05-28T20:23:55","modified_gmt":"2020-05-29T00:23:55","slug":"sucre-inces-suscribe-convenio-con-la-unefa","status":"publish","type":"post","link":"https:\/\/inces.gob.ve\/index.php\/2020\/02\/15\/sucre-inces-suscribe-convenio-con-la-unefa\/","title":{"rendered":"Sucre | Inces suscribe convenio con la UNEFA"},"content":{"rendered":"<p align=\"justify\"><span style=\"font-family: Arial, sans-serif;\"><span style=\"font-size: x-large;\">*<b>* La UNEFA afirm\u00f3 que las formaciones de Inces est\u00e1n enmarcadas en el Plan de la Patria 2019 \/2025 y que las mismas conllevan a la profesionalizaci\u00f3n<\/b><\/span><\/span><\/p>\n<p align=\"justify\"><!--more--><\/p>\n<p align=\"justify\">\n<p align=\"justify\"><a name=\"more-34184\"><\/a><span style=\"font-family: Arial, sans-serif;\"><span style=\"font-size: x-large;\"><b>CARLOS HERRERA |<\/b> Prensa Sucre<\/span><\/span><\/p>\n<p align=\"justify\"><span style=\"font-family: Arial, sans-serif;\"><span style=\"font-size: x-large;\">El Inces en el Estado Sucre suscribi\u00f3 un convenio con el Departamento de Innovaci\u00f3n, Investigaci\u00f3n y Trabajo de Grado de la Universidad Nacional Experimental Polit\u00e9cnica de la Fuerza Armada Bolivariana (UNEFA), con la finalidad de apoyar a los j\u00f3venes universitarios en la inserci\u00f3n de los cursos programados para este nuevo a\u00f1o.<\/span><\/span><\/p>\n<p align=\"justify\"><span style=\"font-family: Arial, sans-serif;\"><span style=\"font-size: x-large;\">El enlace se llev\u00f3 a cabo gracias al empe\u00f1o e inter\u00e9s de la jefa del Centro de Formaci\u00f3n Socialista Polivalente, \u201cCar\u00fapano\u201d, Adalgelis P\u00e9rez, tras varias reuniones con la direcci\u00f3n de esa casa de estudios de educaci\u00f3n superior; con esto aspiran que los j\u00f3venes puedan realizar las pr\u00e1cticas inherentes a la carrera.<\/span><\/span><\/p>\n<p align=\"justify\"><span style=\"font-family: Arial, sans-serif;\"><span style=\"font-size: x-large;\"><img loading=\"lazy\" decoding=\"async\" class=\"aligncenter wp-image-34185 size-full\" src=\"https:\/\/www.inces.gob.ve\/wp-content\/uploads\/2020\/02\/Inces-convenio-con-la-UNEFA-1-.jpg\" alt=\"\" width=\"800\" height=\"439\" srcset=\"https:\/\/inces.gob.ve\/wp-content\/uploads\/2020\/02\/Inces-convenio-con-la-UNEFA-1-.jpg 800w, https:\/\/inces.gob.ve\/wp-content\/uploads\/2020\/02\/Inces-convenio-con-la-UNEFA-1--300x165.jpg 300w, https:\/\/inces.gob.ve\/wp-content\/uploads\/2020\/02\/Inces-convenio-con-la-UNEFA-1--768x421.jpg 768w\" sizes=\"auto, (max-width: 800px) 100vw, 800px\" \/><\/span><\/span><\/p>\n<p align=\"justify\"><span style=\"font-family: Arial, sans-serif;\"><span style=\"font-size: x-large;\">En ese sentido, durante el desarrollo de la misma, se convers\u00f3 sobre las potencialidades del Inces y se destac\u00f3 la importancia de los cursos que Inces Sucre, lleva a sus estudiantes, adem\u00e1s del impacto positivo que estos tienen desde para el rendimiento de cada bachiller. <\/span><\/span><\/p>\n<p align=\"justify\"><span style=\"font-family: Arial, sans-serif;\"><span style=\"font-size: x-large;\">Por su parte, el personal de la UNEFA afirm\u00f3 que las formaciones del Inces est\u00e1n enmarcadas en el Plan de la Patria 2019 \/2025 y las mismas conllevan a la profesionalizaci\u00f3n desde la formaci\u00f3n productiva con bases consolidadas en el formar produciendo. Lo cual, dijo, llevar\u00e1 a los niveles de productividad y eficiencia para alcanzar la patria que todos queremos.<\/span><\/span><\/p>\n<p align=\"justify\"><span style=\"font-family: Arial, sans-serif;\"><span style=\"font-size: x-large;\">FM<\/span><\/span><\/p>\n<p align=\"justify\">\n","protected":false},"excerpt":{"rendered":"<p>** La UNEFA afirm\u00f3 que las formaciones de Inces est\u00e1n enmarcadas en el Plan de la Patria 2019 \/2025 y que las mismas conllevan a la profesionalizaci\u00f3n<\/p>\n","protected":false},"author":15,"featured_media":34186,"comment_status":"closed","ping_status":"closed","sticky":false,"template":"","format":"standard","meta":{"footnotes":""},"categories":[2],"tags":[],"class_list":["post-34235","post","type-post","status-publish","format-standard","has-post-thumbnail","hentry","category-blog"],"_links":{"self":[{"href":"https:\/\/inces.gob.ve\/index.php\/wp-json\/wp\/v2\/posts\/34235","targetHints":{"allow":["GET"]}}],"collection":[{"href":"https:\/\/inces.gob.ve\/index.php\/wp-json\/wp\/v2\/posts"}],"about":[{"href":"https:\/\/inces.gob.ve\/index.php\/wp-json\/wp\/v2\/types\/post"}],"author":[{"embeddable":true,"href":"https:\/\/inces.gob.ve\/index.php\/wp-json\/wp\/v2\/users\/15"}],"replies":[{"embeddable":true,"href":"https:\/\/inces.gob.ve\/index.php\/wp-json\/wp\/v2\/comments?post=34235"}],"version-history":[{"count":1,"href":"https:\/\/inces.gob.ve\/index.php\/wp-json\/wp\/v2\/posts\/34235\/revisions"}],"predecessor-version":[{"id":34236,"href":"https:\/\/inces.gob.ve\/index.php\/wp-json\/wp\/v2\/posts\/34235\/revisions\/34236"}],"wp:featuredmedia":[{"embeddable":true,"href":"https:\/\/inces.gob.ve\/index.php\/wp-json\/wp\/v2\/media\/34186"}],"wp:attachment":[{"href":"https:\/\/inces.gob.ve\/index.php\/wp-json\/wp\/v2\/media?parent=34235"}],"wp:term":[{"taxonomy":"category","embeddable":true,"href":"https:\/\/inces.gob.ve\/index.php\/wp-json\/wp\/v2\/categories?post=34235"},{"taxonomy":"post_tag","embeddable":true,"href":"https:\/\/inces.gob.ve\/index.php\/wp-json\/wp\/v2\/tags?post=34235"}],"curies":[{"name":"wp","href":"https:\/\/api.w.org\/{rel}","templated":true}]}}