{"id":34290,"date":"2020-03-13T13:12:19","date_gmt":"2020-03-13T17:12:19","guid":{"rendered":"https:\/\/www.inces.gob.ve\/?p=34290"},"modified":"2020-05-28T20:23:55","modified_gmt":"2020-05-29T00:23:55","slug":"bolivar-con-pasion-y-compromiso-maestros-siguen-el-legado-de-luis-beltran-prieto-figueroa","status":"publish","type":"post","link":"https:\/\/inces.gob.ve\/index.php\/2020\/03\/13\/bolivar-con-pasion-y-compromiso-maestros-siguen-el-legado-de-luis-beltran-prieto-figueroa\/","title":{"rendered":"Bol\u00edvar | Con pasi\u00f3n y compromiso maestros siguen el legado de Luis Beltr\u00e1n Prieto Figueroa"},"content":{"rendered":"<p align=\"justify\"><span style=\"font-family: Arial, sans-serif;\"><span style=\"font-size: x-large;\">**<i><b> De la educaci\u00f3n depende la productividad para alcanzar mejores niveles de bienestar social y de crecimiento econ\u00f3mico. Es por ello que los maestros Inces siguen el ejemplo del maestro Luis Beltr\u00e1n Prieto Figueroa para impulsar la transformaci\u00f3n de una Venezuela productiva<\/b><\/i><\/span><\/span><\/p>\n<p align=\"justify\">\n<!--more--><\/p>\n<p align=\"justify\"><span style=\"font-family: Arial, sans-serif;\"><span style=\"font-size: x-large;\"><b>ALEXSSIA THOMAS|<\/b> Prensa Inces Bol\u00edvar <\/span><\/span><\/p>\n<p align=\"justify\"><strong><span style=\"font-family: Arial, sans-serif;\"><span style=\"font-size: x-large;\">El Maestro Luis Beltr\u00e1n Prieto Figueroa,<\/span><\/span><\/strong><span style=\"font-family: Arial, sans-serif;\"><span style=\"font-size: x-large;\"> nace en La Asunci\u00f3n, estado Nueva Esparta. A sus 18 a\u00f1os ya se desempe\u00f1aba como educador en una escuela de su localidad y para el a\u00f1o 1959 fundo el Instituto Nacional de Cooperaci\u00f3n Educativa (INCE)<\/span><\/span><\/p>\n<p align=\"justify\">\n<p align=\"justify\"><a name=\"m_2938173889432884067___DdeLink__36_960016028\"><\/a> <span style=\"font-family: Arial, sans-serif;\"><span style=\"font-size: x-large;\">Durante su carrera el Maestro Luis Beltr\u00e1n Prieto Figueroa, se caracteriz\u00f3 por ser un l\u00edder dem\u00f3crata y humanista de la educaci\u00f3n venezolana. A 27 a\u00f1os de su partida f\u00edsica los facilitadores del Instituto Nacional de Capacitaci\u00f3n y Educaci\u00f3n Socialista (Inces), siguen su ejemplo de compromiso para capacitar a la poblaci\u00f3n Venezolana.<\/span><\/span><\/p>\n<p align=\"justify\"><span style=\"font-family: Arial, sans-serif;\"><span style=\"font-size: x-large;\"><img loading=\"lazy\" decoding=\"async\" class=\"aligncenter wp-image-34291 size-full\" src=\"https:\/\/www.inces.gob.ve\/wp-content\/uploads\/2020\/03\/Inces-siguen-el-legado-de-Luis-Beltr\u00e1n-Prieto1-.jpeg\" alt=\"\" width=\"800\" height=\"450\" srcset=\"https:\/\/inces.gob.ve\/wp-content\/uploads\/2020\/03\/Inces-siguen-el-legado-de-Luis-Beltr\u00e1n-Prieto1-.jpeg 800w, https:\/\/inces.gob.ve\/wp-content\/uploads\/2020\/03\/Inces-siguen-el-legado-de-Luis-Beltr\u00e1n-Prieto1--300x169.jpeg 300w, https:\/\/inces.gob.ve\/wp-content\/uploads\/2020\/03\/Inces-siguen-el-legado-de-Luis-Beltr\u00e1n-Prieto1--768x432.jpeg 768w\" sizes=\"auto, (max-width: 800px) 100vw, 800px\" \/><\/span><\/span><\/p>\n<p align=\"justify\"><span style=\"font-family: Arial, sans-serif;\"><span style=\"font-size: x-large;\">El Inces del estado Bol\u00edvar cuenta con m\u00e1s de cien Maestros T\u00e9cnicos Productivos (MTP) y Maestros T\u00e9cnicos Voluntarios (MTV), que con amor y responsabilidad en la educaci\u00f3n que imparten rinden honores a Luis Beltr\u00e1n Prieto Figueroa.<\/span><\/span><\/p>\n<p align=\"justify\"><img loading=\"lazy\" decoding=\"async\" class=\"aligncenter wp-image-34292 size-full\" src=\"https:\/\/www.inces.gob.ve\/wp-content\/uploads\/2020\/03\/Inces-siguen-el-legado-de-Luis-Beltr\u00e1n-Prieto4-.jpeg\" alt=\"\" width=\"800\" height=\"450\" srcset=\"https:\/\/inces.gob.ve\/wp-content\/uploads\/2020\/03\/Inces-siguen-el-legado-de-Luis-Beltr\u00e1n-Prieto4-.jpeg 800w, https:\/\/inces.gob.ve\/wp-content\/uploads\/2020\/03\/Inces-siguen-el-legado-de-Luis-Beltr\u00e1n-Prieto4--300x169.jpeg 300w, https:\/\/inces.gob.ve\/wp-content\/uploads\/2020\/03\/Inces-siguen-el-legado-de-Luis-Beltr\u00e1n-Prieto4--768x432.jpeg 768w\" sizes=\"auto, (max-width: 800px) 100vw, 800px\" \/><br \/>\n<span style=\"font-family: Arial, sans-serif;\"><span style=\"font-size: x-large;\">Bajo las directrices recibidas por el Ministerio de Educaci\u00f3n, los maestros Inces dan fiel cumplimiento a la estrategia del \u00abFormar Produciendo, Producir Formando\u00bb. A trav\u00e9s de la misma se han conformado brigadas productivas que se encuentran desplegadas en las comunidades, escuelas y espacios de formaci\u00f3n. Esto con la finalidad de producir bienes y prestaci\u00f3n de servicios que satisfagan las necesidades y fortalecimiento de la soberan\u00eda econ\u00f3mica del pa\u00eds.<\/span><\/span><\/p>\n<p align=\"justify\"><span style=\"font-family: Arial, sans-serif;\"><span style=\"font-size: x-large;\"><img loading=\"lazy\" decoding=\"async\" class=\"aligncenter wp-image-34293 size-full\" src=\"https:\/\/www.inces.gob.ve\/wp-content\/uploads\/2020\/03\/Inces-siguen-el-legado-de-Luis-Beltr\u00e1n-Prieto-2.jpeg\" alt=\"\" width=\"800\" height=\"409\" srcset=\"https:\/\/inces.gob.ve\/wp-content\/uploads\/2020\/03\/Inces-siguen-el-legado-de-Luis-Beltr\u00e1n-Prieto-2.jpeg 800w, https:\/\/inces.gob.ve\/wp-content\/uploads\/2020\/03\/Inces-siguen-el-legado-de-Luis-Beltr\u00e1n-Prieto-2-300x153.jpeg 300w, https:\/\/inces.gob.ve\/wp-content\/uploads\/2020\/03\/Inces-siguen-el-legado-de-Luis-Beltr\u00e1n-Prieto-2-768x393.jpeg 768w\" sizes=\"auto, (max-width: 800px) 100vw, 800px\" \/><\/span><\/span><\/p>\n<p align=\"justify\"><strong><span style=\"font-family: Arial,sans-serif;\"><span style=\"font-size: x-large;\">Formaci\u00f3n de calidad<\/span><\/span><\/strong><\/p>\n<p align=\"justify\"><span style=\"font-family: Arial, sans-serif;\"><span style=\"font-size: x-large;\">La fortaleza del Inces son sus instructores, cada MTP Y PTP se destaca por brindar la mejor capacitaci\u00f3n en los oficios a los participantes, y eso se ve reflejado en la demanda que existe para la realizaci\u00f3n de los diferentes cursos.<\/span><\/span><\/p>\n<p align=\"justify\">\n<p align=\"justify\"><span style=\"font-family: Arial, sans-serif;\"><span style=\"font-size: x-large;\">Todos los facilitadores poseen el perfil para ser instructores Inces y uno de ellos es la <\/span><\/span><em><span style=\"font-family: Arial, sans-serif;\"><span style=\"font-size: x-large;\">MTP <\/span><\/span><\/em><span style=\"font-family: Arial, sans-serif;\"><span style=\"font-size: x-large;\">Teresa Fuenmayor, quien lleva 18 a\u00f1os formando en la instituci\u00f3n. <\/span><\/span><em><span style=\"font-family: Arial, sans-serif;\"><span style=\"font-size: x-large;\">\u201cEn&nbsp;estos a\u00f1os que llevo trabajando en la instituci\u00f3n me he ganado el reconocimiento por el amor en mi&nbsp;&nbsp;trabajo y a trav\u00e9s de la educaci\u00f3n estoy ganada a la tarea de seguir contribuyendo a la transformaci\u00f3n de una Venezuela productiva\u201d, Acot\u00f3 Fuenmayor.<\/span><\/span><\/em><\/p>\n<p align=\"justify\">RB.<\/p>\n","protected":false},"excerpt":{"rendered":"<p>** De la educaci\u00f3n depende la productividad para alcanzar mejores niveles de bienestar social y de crecimiento econ\u00f3mico. Es por ello que los maestros Inces siguen el ejemplo del maestro Luis Beltr\u00e1n Prieto Figueroa para impulsar la transformaci\u00f3n de una Venezuela productiva<\/p>\n","protected":false},"author":15,"featured_media":34294,"comment_status":"closed","ping_status":"closed","sticky":false,"template":"","format":"standard","meta":{"footnotes":""},"categories":[2],"tags":[],"class_list":["post-34290","post","type-post","status-publish","format-standard","has-post-thumbnail","hentry","category-blog"],"_links":{"self":[{"href":"https:\/\/inces.gob.ve\/index.php\/wp-json\/wp\/v2\/posts\/34290","targetHints":{"allow":["GET"]}}],"collection":[{"href":"https:\/\/inces.gob.ve\/index.php\/wp-json\/wp\/v2\/posts"}],"about":[{"href":"https:\/\/inces.gob.ve\/index.php\/wp-json\/wp\/v2\/types\/post"}],"author":[{"embeddable":true,"href":"https:\/\/inces.gob.ve\/index.php\/wp-json\/wp\/v2\/users\/15"}],"replies":[{"embeddable":true,"href":"https:\/\/inces.gob.ve\/index.php\/wp-json\/wp\/v2\/comments?post=34290"}],"version-history":[{"count":2,"href":"https:\/\/inces.gob.ve\/index.php\/wp-json\/wp\/v2\/posts\/34290\/revisions"}],"predecessor-version":[{"id":34296,"href":"https:\/\/inces.gob.ve\/index.php\/wp-json\/wp\/v2\/posts\/34290\/revisions\/34296"}],"wp:featuredmedia":[{"embeddable":true,"href":"https:\/\/inces.gob.ve\/index.php\/wp-json\/wp\/v2\/media\/34294"}],"wp:attachment":[{"href":"https:\/\/inces.gob.ve\/index.php\/wp-json\/wp\/v2\/media?parent=34290"}],"wp:term":[{"taxonomy":"category","embeddable":true,"href":"https:\/\/inces.gob.ve\/index.php\/wp-json\/wp\/v2\/categories?post=34290"},{"taxonomy":"post_tag","embeddable":true,"href":"https:\/\/inces.gob.ve\/index.php\/wp-json\/wp\/v2\/tags?post=34290"}],"curies":[{"name":"wp","href":"https:\/\/api.w.org\/{rel}","templated":true}]}}