{"id":34479,"date":"2020-05-21T18:21:51","date_gmt":"2020-05-21T22:21:51","guid":{"rendered":"https:\/\/inces.gob.ve\/?p=34479"},"modified":"2020-05-28T20:34:42","modified_gmt":"2020-05-29T00:34:42","slug":"trujillo-inces-forma-en-agricultura-urbana","status":"publish","type":"post","link":"https:\/\/inces.gob.ve\/index.php\/2020\/05\/21\/trujillo-inces-forma-en-agricultura-urbana\/","title":{"rendered":"TRUJILLO | Inces forma en agricultura urbana"},"content":{"rendered":"<p style=\"text-align: justify;\"><span style=\"font-size: 18pt;\"><strong><em>** Las clases se desarrollan de manera participativa,\u00a0\u00a0donde se explica, a trav\u00e9s de microvideos, c\u00f3mo hacer un semillero en el hogar<\/em><\/strong><\/span><!--more--><\/p>\n<p style=\"text-align: justify;\">\n<p style=\"text-align: justify;\"><span style=\"font-size: 18pt;\"><strong>MAR\u00cdA CABRERA<\/strong><\/span><\/p>\n<p style=\"text-align: justify;\"><span style=\"font-size: 18pt;\">Construcci\u00f3n de Semilleros es una formaci\u00f3n del Programa Agr\u00edcola que inici\u00f3 muy recientemente y que figura\u00a0\u00a0en la Matriz Contingenciada del Inces Trujillo, que se dicta a trav\u00e9s de la utilizaci\u00f3n de\u00a0herramientas tecnol\u00f3gicas\u00a0como WhatsApp, y que se concret\u00f3 mediante el empleo de flayer publicados en las redes sociales.<\/span><\/p>\n<p>&nbsp;<\/p>\n<p style=\"text-align: justify;\">\n<p style=\"text-align: justify;\"><span style=\"font-size: 18pt;\">As\u00ed lo\u00a0\u00a0inform\u00f3 Rigoberto Mor\u00f3n, coordinador del Programa Agr\u00edcola, quien indic\u00f3\u00a0que un total de 30 participantes, 20 femeninas y 10 caballeros, aceptaron la oferta del Inces \u2013 Trujillo, quien ofreci\u00f3 amplia informaci\u00f3n sobre el curso.<\/span><\/p>\n<p style=\"text-align: justify;\">\n<p>&nbsp;<\/p>\n<p style=\"text-align: justify;\"><span style=\"font-size: 18pt;\">El citado coordinador explic\u00f3 que los participantes provienen de Trujillo, espec\u00edficamente de Andr\u00e9s Bello, Escuque, Bocon\u00f3, Valera, Juan Vicente Campo El\u00edas, Miranda, Pampanito y Valera, as\u00ed como dos participantes del Distrito Capital, quienes por curiosidad e inter\u00e9s solicitaron la informaci\u00f3n del curso \u201cConstrucci\u00f3n de Semilleros\u201d.<\/span><\/p>\n<p style=\"text-align: justify;\">\n<p>&nbsp;<\/p>\n<p style=\"text-align: justify;\"><span style=\"font-size: 18pt;\">Rigoberto Mor\u00f3n, una vez concretada la matricula, comenz\u00f3 con un video de la gerente del Inces-Trujillo, Ang\u00e9lica Mor\u00f3n, quien les dio la bienvenida. La formaci\u00f3n se inici\u00f3, creando un grupo de WhatsApp denominado Construcci\u00f3n de Semilleros, herramienta con la cual los participantes comenzaron a exponer sus expectativas.<\/span><\/p>\n<p style=\"text-align: justify;\">\n<p>&nbsp;<\/p>\n<p style=\"text-align: justify;\"><span style=\"font-size: 18pt;\">Durante la primera sesi\u00f3n, los interesados\u00a0\u00a0expresaron el deseo de aprender algo nuevo para ponerlo en pr\u00e1ctica;\u00a0\u00a0aprovechar los recursos org\u00e1nicos que se desechan en la cocina y que pueden servir al semillero; otros quer\u00edan ampliar sus conocimientos para llevarlos al campo laboral, ya que existen varios Docentes del Programa Todas las Manos a la Siembra.<\/span><\/p>\n<p>&nbsp;<\/p>\n<p style=\"text-align: justify;\">\n<p style=\"text-align: justify;\"><span style=\"font-size: 18pt;\">\u201cLas clases se han desarrollado de manera participativa, donde se le explica a los participantes, a trav\u00e9s de microvideos, c\u00f3mo hacer un semilleros en sus hogares. Iniciamos con temas como: preparaci\u00f3n de sustratos y elementos que tenemos en el hogar para construir un semillero como: colador, envases de pl\u00e1stico, desechos org\u00e1nicos de cocina como c\u00e1scaras de cambur, papa, entre otros\u201d.<\/span><\/p>\n<p>&nbsp;<\/p>\n<p style=\"text-align: justify;\">\n<p style=\"text-align: justify;\"><span style=\"font-size: 18pt;\">En general los participantes est\u00e1n muy motivados y tienen deseos de aprender sobre agricultura urbana y sobre como iniciar un peque\u00f1o huerto familiar en sus hogares, incluyendo al grupo familiar de la vivienda. Dentro de los nudos cr\u00edticos que se encuentran, y que ellos expresan por el grupo, son las fallas en el servicio el\u00e9ctrico y las l\u00edneas telef\u00f3nicas que en ocasiones fallan.<\/span><\/p>\n<p style=\"text-align: justify;\">\n<p>&nbsp;<\/p>\n<p style=\"text-align: justify;\"><span style=\"font-size: 18pt;\">\u201cPor ello se env\u00edan fotograf\u00edas para demostrar el inter\u00e9s y la participaci\u00f3n de los que est\u00e1n en el grupo de la opci\u00f3n formativa y mostrar los avances que han tenido en el desarrollo del mismo,\u00a0\u00a0se establece una ronda de preguntas y respuestas cortas de cada participante sobre las inquietudes que tienen\u201d, describe para finalizar el coordinador del Programa Agr\u00edcola del Inces-Trujillo.<\/span><\/p>\n<p style=\"text-align: justify;\">\n","protected":false},"excerpt":{"rendered":"<p>** Las clases se desarrollan de manera participativa,\u00a0\u00a0donde se explica, a trav\u00e9s de microvideos, c\u00f3mo hacer un semillero en el hogar<\/p>\n","protected":false},"author":4,"featured_media":34480,"comment_status":"closed","ping_status":"open","sticky":false,"template":"","format":"standard","meta":{"footnotes":""},"categories":[2],"tags":[],"class_list":["post-34479","post","type-post","status-publish","format-standard","has-post-thumbnail","hentry","category-blog"],"_links":{"self":[{"href":"https:\/\/inces.gob.ve\/index.php\/wp-json\/wp\/v2\/posts\/34479","targetHints":{"allow":["GET"]}}],"collection":[{"href":"https:\/\/inces.gob.ve\/index.php\/wp-json\/wp\/v2\/posts"}],"about":[{"href":"https:\/\/inces.gob.ve\/index.php\/wp-json\/wp\/v2\/types\/post"}],"author":[{"embeddable":true,"href":"https:\/\/inces.gob.ve\/index.php\/wp-json\/wp\/v2\/users\/4"}],"replies":[{"embeddable":true,"href":"https:\/\/inces.gob.ve\/index.php\/wp-json\/wp\/v2\/comments?post=34479"}],"version-history":[{"count":1,"href":"https:\/\/inces.gob.ve\/index.php\/wp-json\/wp\/v2\/posts\/34479\/revisions"}],"predecessor-version":[{"id":34481,"href":"https:\/\/inces.gob.ve\/index.php\/wp-json\/wp\/v2\/posts\/34479\/revisions\/34481"}],"wp:featuredmedia":[{"embeddable":true,"href":"https:\/\/inces.gob.ve\/index.php\/wp-json\/wp\/v2\/media\/34480"}],"wp:attachment":[{"href":"https:\/\/inces.gob.ve\/index.php\/wp-json\/wp\/v2\/media?parent=34479"}],"wp:term":[{"taxonomy":"category","embeddable":true,"href":"https:\/\/inces.gob.ve\/index.php\/wp-json\/wp\/v2\/categories?post=34479"},{"taxonomy":"post_tag","embeddable":true,"href":"https:\/\/inces.gob.ve\/index.php\/wp-json\/wp\/v2\/tags?post=34479"}],"curies":[{"name":"wp","href":"https:\/\/api.w.org\/{rel}","templated":true}]}}