{"id":34521,"date":"2020-05-27T08:15:18","date_gmt":"2020-05-27T12:15:18","guid":{"rendered":"https:\/\/inces.gob.ve\/?p=34521"},"modified":"2020-05-28T20:23:53","modified_gmt":"2020-05-29T00:23:53","slug":"la-guaira-inces-exhorta-a-varguenses-a-extremar-medidas-preventivas-contra-la-covid-19","status":"publish","type":"post","link":"https:\/\/inces.gob.ve\/index.php\/2020\/05\/27\/la-guaira-inces-exhorta-a-varguenses-a-extremar-medidas-preventivas-contra-la-covid-19\/","title":{"rendered":"LA GUAIRA | Inces exhorta a varguenses a extremar medidas preventivas contra la COVID-19"},"content":{"rendered":"<p style=\"text-align: justify;\"><span style=\"font-size: 18pt;\"><strong><em>**La idea es seguir luchando y prevenir el contagio del coronavirus<\/em><\/strong><!--more--><\/span><\/p>\n<p style=\"text-align: justify;\"><span style=\"font-size: 18pt;\"><strong><em>\u00a0<\/em><\/strong><\/span><\/p>\n<p style=\"text-align: justify;\"><span style=\"font-size: 18pt;\">\u201cDesde la Gerencia Regional del Inces La Guaira, nos suma a las recomendaciones del presidente de la Rep\u00fablica, Nicol\u00e1s Maduro, para contribuir entre todos y todas a seguir luchando y evitar el contagio de la COVID-19\u201d, indic\u00f3 el gerente regional Hern\u00e1n Garboza.<\/span><\/p>\n<p style=\"text-align: justify;\">\n<p style=\"text-align: justify;\"><span style=\"font-size: 18pt;\">En este sentido, el Inces ha confeccionado y distribuido 379.525 tapabocas, gracias al trabajo en equipo en el que han participado los maestros, trabajadores y alumnos de la instituci\u00f3n; comunidades y otras organizaciones comunales que se han sumado a esta labor, a\u00f1adi\u00f3 Garboza.<\/span><\/p>\n<p style=\"text-align: justify;\">\n<p style=\"text-align: justify;\"><span style=\"font-size: 18pt;\">Por otra parte, el Inces, a trav\u00e9s de sus redes sociales, se suma a una campa\u00f1a mundial de prevenci\u00f3n de la COVID-19, con la publicaci\u00f3n de mensajes y gr\u00e1ficas, invitando a cumplir con las medidas preventivas.<\/span><\/p>\n<p style=\"text-align: justify;\">\n<p style=\"text-align: justify;\"><span style=\"font-size: 18pt;\">Durante la pasada transmisi\u00f3n del programa radial\u00a0Somos Inces, el presidente del Inces, Wuilkelman \u00c1ngel, invit\u00f3 a las organizaciones y particulares, en cualquier parte del pa\u00eds, a que contribuyan con la instituci\u00f3n y donen los insumos que se requieren para continuar con la fabricaci\u00f3n de tapabocas.<\/span><\/p>\n<p style=\"text-align: justify;\">\n<p style=\"text-align: justify;\"><span style=\"font-size: 18pt;\">\u201cDesde esta gerencia regional atendemos el llamado de nuestro presidente Nicol\u00e1s Maduro y deseamos continuar con nuestra hermosa labor y seguir confeccionando tapabocas desde el trabajo liberador para distribuirlos a las comunidades e instituciones de nuestro estado La Guaira\u201d, concluy\u00f3 el gerente regional.<\/span><\/p>\n","protected":false},"excerpt":{"rendered":"<p>**La idea es seguir luchando y prevenir el contagio del coronavirus<\/p>\n","protected":false},"author":4,"featured_media":34522,"comment_status":"closed","ping_status":"open","sticky":false,"template":"","format":"standard","meta":{"footnotes":""},"categories":[2],"tags":[160,157,138],"class_list":["post-34521","post","type-post","status-publish","format-standard","has-post-thumbnail","hentry","category-blog","tag-covid-19","tag-laguaira","tag-tapaboca"],"_links":{"self":[{"href":"https:\/\/inces.gob.ve\/index.php\/wp-json\/wp\/v2\/posts\/34521","targetHints":{"allow":["GET"]}}],"collection":[{"href":"https:\/\/inces.gob.ve\/index.php\/wp-json\/wp\/v2\/posts"}],"about":[{"href":"https:\/\/inces.gob.ve\/index.php\/wp-json\/wp\/v2\/types\/post"}],"author":[{"embeddable":true,"href":"https:\/\/inces.gob.ve\/index.php\/wp-json\/wp\/v2\/users\/4"}],"replies":[{"embeddable":true,"href":"https:\/\/inces.gob.ve\/index.php\/wp-json\/wp\/v2\/comments?post=34521"}],"version-history":[{"count":1,"href":"https:\/\/inces.gob.ve\/index.php\/wp-json\/wp\/v2\/posts\/34521\/revisions"}],"predecessor-version":[{"id":34523,"href":"https:\/\/inces.gob.ve\/index.php\/wp-json\/wp\/v2\/posts\/34521\/revisions\/34523"}],"wp:featuredmedia":[{"embeddable":true,"href":"https:\/\/inces.gob.ve\/index.php\/wp-json\/wp\/v2\/media\/34522"}],"wp:attachment":[{"href":"https:\/\/inces.gob.ve\/index.php\/wp-json\/wp\/v2\/media?parent=34521"}],"wp:term":[{"taxonomy":"category","embeddable":true,"href":"https:\/\/inces.gob.ve\/index.php\/wp-json\/wp\/v2\/categories?post=34521"},{"taxonomy":"post_tag","embeddable":true,"href":"https:\/\/inces.gob.ve\/index.php\/wp-json\/wp\/v2\/tags?post=34521"}],"curies":[{"name":"wp","href":"https:\/\/api.w.org\/{rel}","templated":true}]}}