{"id":34527,"date":"2020-05-27T08:45:31","date_gmt":"2020-05-27T12:45:31","guid":{"rendered":"https:\/\/inces.gob.ve\/?p=34527"},"modified":"2020-05-28T20:23:53","modified_gmt":"2020-05-29T00:23:53","slug":"barinas-inces-impulsa-herencias-ancestrales-con-la-elaboracion-de-bolsos-y-morrales-en-tela","status":"publish","type":"post","link":"https:\/\/inces.gob.ve\/index.php\/2020\/05\/27\/barinas-inces-impulsa-herencias-ancestrales-con-la-elaboracion-de-bolsos-y-morrales-en-tela\/","title":{"rendered":"BARINAS | Inces impulsa herencias ancestrales con la elaboraci\u00f3n de bolsos y morrales en tela"},"content":{"rendered":"<p style=\"text-align: justify;\"><span style=\"font-size: 18pt;\"><strong><em>** T\u00e9cnicas de tejido, heredadas de nuestros ancestros ind\u00edgenas, son utilizadas para la confecci\u00f3n de hermosos bolsos en tela<\/em><\/strong><!--more--><\/span><\/p>\n<p style=\"text-align: justify;\">\n<p style=\"text-align: justify;\"><span style=\"font-size: 18pt;\"><strong>HIRASYANEL BAYONA<\/strong><\/span><\/p>\n<p style=\"text-align: justify;\"><span style=\"font-size: 18pt;\">Formaci\u00f3n <em>Elaboraci\u00f3n de bolsos y morrales en tela<\/em> desarrolla el Inces Barinas en la comunidad de Tierra Blanca, parroquia Alfredo Alberto Larriva, en el municipio capital.<\/span><\/p>\n<p style=\"text-align: justify;\">\n<p>&nbsp;<\/p>\n<p style=\"text-align: justify;\"><span style=\"font-size: 18pt;\">Dirigida a 17 participantes, todas mujeres productivas, residenciadas en la zona, quienes han decidido utilizar sabiamente el tiempo de cuarentena para formarse en un oficio productivo que ofrezca no solo una herramienta de independencia econ\u00f3mica, sino tambi\u00e9n un medio de apoyar a familiares y vecinos; y principalmente una actividad entretenida que ayude a conllevar la situaci\u00f3n actual ante las medidas de prevenci\u00f3n de la COVID-19.<\/span><\/p>\n<p style=\"text-align: justify;\">\n<p><img loading=\"lazy\" decoding=\"async\" class=\"aligncenter wp-image-34528 size-full\" src=\"https:\/\/inces.gob.ve\/wp-content\/uploads\/2020\/05\/bolsos_carteras_inces_barinas_textil-1.jpeg\" alt=\"\" width=\"606\" height=\"789\" srcset=\"https:\/\/inces.gob.ve\/wp-content\/uploads\/2020\/05\/bolsos_carteras_inces_barinas_textil-1.jpeg 606w, https:\/\/inces.gob.ve\/wp-content\/uploads\/2020\/05\/bolsos_carteras_inces_barinas_textil-1-230x300.jpeg 230w, https:\/\/inces.gob.ve\/wp-content\/uploads\/2020\/05\/bolsos_carteras_inces_barinas_textil-1-590x768.jpeg 590w\" sizes=\"auto, (max-width: 606px) 100vw, 606px\" \/><\/p>\n<p>&nbsp;<\/p>\n<p style=\"text-align: justify;\"><span style=\"font-size: 18pt;\">La formaci\u00f3n tiene una duraci\u00f3n de 260 horas y es orientada por Yasm\u00edn Canelo, maestra t\u00e9cnico productiva por el centro de formaci\u00f3n Manuelita S\u00e1enz, quien con entrega y dedicaci\u00f3n atiende por medio de herramientas tecnol\u00f3gicas a las participantes, para darle continuidad al proceso formativo y elaborar bolsos y morrales en tela, aplicando la t\u00e9cnica de tejido, usando material de reciclaje como placas de rayos x, utilizada entre telas, para suministrar firmeza al bolso o cartera, y tambi\u00e9n telas usadas o retazos de telas r\u00edgidas como lona, lonita, semipiel o cuerina.<\/span><\/p>\n<p>&nbsp;<\/p>\n<p>&nbsp;<\/p>\n<p><img loading=\"lazy\" decoding=\"async\" class=\"aligncenter wp-image-34531 size-large\" src=\"https:\/\/inces.gob.ve\/wp-content\/uploads\/2020\/05\/bolsos_carteras_inces_barinas_textil-3-768x1024.jpeg\" alt=\"\" width=\"640\" height=\"853\" srcset=\"https:\/\/inces.gob.ve\/wp-content\/uploads\/2020\/05\/bolsos_carteras_inces_barinas_textil-3-768x1024.jpeg 768w, https:\/\/inces.gob.ve\/wp-content\/uploads\/2020\/05\/bolsos_carteras_inces_barinas_textil-3-225x300.jpeg 225w, https:\/\/inces.gob.ve\/wp-content\/uploads\/2020\/05\/bolsos_carteras_inces_barinas_textil-3-576x768.jpeg 576w, https:\/\/inces.gob.ve\/wp-content\/uploads\/2020\/05\/bolsos_carteras_inces_barinas_textil-3.jpeg 774w\" sizes=\"auto, (max-width: 640px) 100vw, 640px\" \/><\/p>\n<p style=\"text-align: justify;\">\n<p style=\"text-align: justify;\"><span style=\"font-size: 18pt;\">Canelo explic\u00f3, que entre los temas abordados se encuentran ense\u00f1ar a tejer partiendo de tres puntos b\u00e1sicos llamados cadeneta, medio punto y punto alto, mismos que sirven de base para ir realizando modificaciones o combinaciones que permiten obtener diversidad de puntos para personalizar cada una de las producciones, para continuar con la elaboraci\u00f3n de patrones, cortes de piezas, uni\u00f3n de las piezas y llegar a la confecci\u00f3n de hermosos dise\u00f1os.<\/span><\/p>\n<p style=\"text-align: justify;\">\n<p><img loading=\"lazy\" decoding=\"async\" class=\"aligncenter wp-image-34529 size-full\" src=\"https:\/\/inces.gob.ve\/wp-content\/uploads\/2020\/05\/bolsos_carteras_inces_barinas_textil-1.png\" alt=\"\" width=\"810\" height=\"813\" srcset=\"https:\/\/inces.gob.ve\/wp-content\/uploads\/2020\/05\/bolsos_carteras_inces_barinas_textil-1.png 810w, https:\/\/inces.gob.ve\/wp-content\/uploads\/2020\/05\/bolsos_carteras_inces_barinas_textil-1-300x300.png 300w, https:\/\/inces.gob.ve\/wp-content\/uploads\/2020\/05\/bolsos_carteras_inces_barinas_textil-1-150x150.png 150w, https:\/\/inces.gob.ve\/wp-content\/uploads\/2020\/05\/bolsos_carteras_inces_barinas_textil-1-768x771.png 768w, https:\/\/inces.gob.ve\/wp-content\/uploads\/2020\/05\/bolsos_carteras_inces_barinas_textil-1-765x768.png 765w\" sizes=\"auto, (max-width: 810px) 100vw, 810px\" \/><\/p>\n<p>&nbsp;<\/p>\n<p style=\"text-align: justify;\"><span style=\"font-size: 18pt;\">Asimismo, Yasm\u00edn inform\u00f3 que si bien la formaci\u00f3n se desarrolla a distancia, desde la seguridad del hogar, haciendo usos de chat telef\u00f3nicos, v\u00eddeos e im\u00e1genes, existe un peque\u00f1o grupo de compa\u00f1eras que no cuenta con los medios tecnol\u00f3gicos necesarios, por lo que se re\u00fanen dos o tres participantes ocasionalmente, tomando en cuenta y aplicando las medidas preventivas orientadas a nivel nacional y regional, para compartir saberes, materiales y estar al d\u00eda con los avances de la formaci\u00f3n, demostrando inter\u00e9s en seguir adelante y lograr el objetivo planteado de prepararse en el oficio.<\/span><\/p>\n","protected":false},"excerpt":{"rendered":"<p>** T\u00e9cnicas de tejido, heredadas de nuestros ancestros ind\u00edgenas, son utilizadas para la confecci\u00f3n de hermosos bolsos en tela<\/p>\n","protected":false},"author":4,"featured_media":34530,"comment_status":"closed","ping_status":"open","sticky":false,"template":"","format":"standard","meta":{"footnotes":""},"categories":[2],"tags":[151,162,137,136],"class_list":["post-34527","post","type-post","status-publish","format-standard","has-post-thumbnail","hentry","category-blog","tag-barinas","tag-carterasybolsos","tag-formacionadistancia","tag-textil"],"_links":{"self":[{"href":"https:\/\/inces.gob.ve\/index.php\/wp-json\/wp\/v2\/posts\/34527","targetHints":{"allow":["GET"]}}],"collection":[{"href":"https:\/\/inces.gob.ve\/index.php\/wp-json\/wp\/v2\/posts"}],"about":[{"href":"https:\/\/inces.gob.ve\/index.php\/wp-json\/wp\/v2\/types\/post"}],"author":[{"embeddable":true,"href":"https:\/\/inces.gob.ve\/index.php\/wp-json\/wp\/v2\/users\/4"}],"replies":[{"embeddable":true,"href":"https:\/\/inces.gob.ve\/index.php\/wp-json\/wp\/v2\/comments?post=34527"}],"version-history":[{"count":2,"href":"https:\/\/inces.gob.ve\/index.php\/wp-json\/wp\/v2\/posts\/34527\/revisions"}],"predecessor-version":[{"id":34533,"href":"https:\/\/inces.gob.ve\/index.php\/wp-json\/wp\/v2\/posts\/34527\/revisions\/34533"}],"wp:featuredmedia":[{"embeddable":true,"href":"https:\/\/inces.gob.ve\/index.php\/wp-json\/wp\/v2\/media\/34530"}],"wp:attachment":[{"href":"https:\/\/inces.gob.ve\/index.php\/wp-json\/wp\/v2\/media?parent=34527"}],"wp:term":[{"taxonomy":"category","embeddable":true,"href":"https:\/\/inces.gob.ve\/index.php\/wp-json\/wp\/v2\/categories?post=34527"},{"taxonomy":"post_tag","embeddable":true,"href":"https:\/\/inces.gob.ve\/index.php\/wp-json\/wp\/v2\/tags?post=34527"}],"curies":[{"name":"wp","href":"https:\/\/api.w.org\/{rel}","templated":true}]}}