{"id":35042,"date":"2020-05-29T07:28:43","date_gmt":"2020-05-29T11:28:43","guid":{"rendered":"https:\/\/inces.gob.ve\/?p=35042"},"modified":"2020-05-29T07:28:43","modified_gmt":"2020-05-29T11:28:43","slug":"merida-inces-beneficia-a-sus-trabajadores-con-el-clap-obrero","status":"publish","type":"post","link":"https:\/\/inces.gob.ve\/index.php\/2020\/05\/29\/merida-inces-beneficia-a-sus-trabajadores-con-el-clap-obrero\/","title":{"rendered":"M\u00c9RIDA | Inces beneficia a sus trabajadores con el Clap Obrero"},"content":{"rendered":"<p style=\"text-align: justify;\"><em><span style=\"font-family: ARIAL,sans-serif;\"><strong>**375 trabajadores del Ince-M\u00e9rida, entre activos, aprendices, maestros, jubilados y personal de seguridad recibieron los alimentos<\/strong> <\/span><\/em><!--more--><\/p>\n<p style=\"text-align: justify;\"><span style=\"font-family: ARIAL, sans-serif;\"><b>NADIA LOBO<\/b><\/span><\/p>\n<p style=\"text-align: justify;\"><span style=\"font-family: ARIAL, sans-serif;\">Un total de 375 trabajadores del Inces M\u00e9rida recibieron el beneficio del Clap obrero correspondiente al mes de mayo, que les permitir\u00e1 no solo compartir en familia, sino que adem\u00e1s, seguir\u00e1n cumpliendo la cuarenta social y voluntaria como parte de las medidas de precauci\u00f3n contra el COVID-19.<\/span><\/p>\n<p>&nbsp;<\/p>\n<p style=\"text-align: justify;\"><span style=\"font-family: ARIAL, sans-serif;\">As\u00ed lo inform\u00f3 el gerente regional del Inces-M\u00e9rida, Noel Jover, quien destac\u00f3 que esta nueva jornada se desarroll\u00f3 gracias a las pol\u00edticas sociales del Gobierno Bolivariano del Presidente Nicol\u00e1s Maduro, que busca proteger tanto a los trabajadores como a las familias venezolanas, as\u00ed como combatir la especulaci\u00f3n y guerra econ\u00f3mica que afronta la naci\u00f3n.<\/span><\/p>\n<p>&nbsp;<\/p>\n<p><img loading=\"lazy\" decoding=\"async\" class=\"aligncenter wp-image-35044 size-large\" src=\"https:\/\/inces.gob.ve\/wp-content\/uploads\/2020\/05\/IMG-20200521-WA0081-1024x1024.jpg\" alt=\"\" width=\"640\" height=\"640\" srcset=\"https:\/\/inces.gob.ve\/wp-content\/uploads\/2020\/05\/IMG-20200521-WA0081-1024x1024.jpg 1024w, https:\/\/inces.gob.ve\/wp-content\/uploads\/2020\/05\/IMG-20200521-WA0081-300x300.jpg 300w, https:\/\/inces.gob.ve\/wp-content\/uploads\/2020\/05\/IMG-20200521-WA0081-150x150.jpg 150w, https:\/\/inces.gob.ve\/wp-content\/uploads\/2020\/05\/IMG-20200521-WA0081-768x768.jpg 768w, https:\/\/inces.gob.ve\/wp-content\/uploads\/2020\/05\/IMG-20200521-WA0081.jpg 1080w\" sizes=\"auto, (max-width: 640px) 100vw, 640px\" \/><\/p>\n<p>&nbsp;<\/p>\n<p style=\"text-align: justify;\"><span style=\"font-family: ARIAL, sans-serif;\">Destac\u00f3 igualmente que siguiendo instrucciones del presidente del Inces, Wuikelman Angel Paredes, y con la colaboraci\u00f3n del Protector de M\u00e9rida, Jheyson Guzm\u00e1n a trav\u00e9s de la Empresa Socialista de Alimentos (ESASA) trabajadores activos, aprendices, maestros, jubilados y personal de seguridad del Inces recibieron los alimentos de la Bolsa Clap Obrero.<\/span><\/p>\n<p style=\"text-align: justify;\">\n<p style=\"text-align: justify;\"><span style=\"font-family: ARIAL, sans-serif;\">El titular del Inces en M\u00e9rida indic\u00f3 que la jornada se ha convertido en una gran ayuda para la fuerza laboral de la instituci\u00f3n, ya que les permite superar los ataques de la inflaci\u00f3n, acaparamiento y especulaci\u00f3n, disponiendo del acceso de estos alimentos a precios accesibles.<\/span><\/p>\n<p style=\"text-align: justify;\">\n<p style=\"text-align: justify;\"><span style=\"font-family: ARIAL, sans-serif;\">En cuanto la distribuci\u00f3n de la bolsa Clap, Jover explic\u00f3 que se cumplieron con los protocolos de seguridad y protecci\u00f3n para evitar el contagio y propagaci\u00f3n del COVID-19, pues la entrega se realiz\u00f3 en varias jornadas en cada uno de los centros de formaci\u00f3n socialista que se encuentran en los municipios Alberto Adriani, Andr\u00e9s Bello y Libertador de la entidad meride\u00f1a.<\/span><\/p>\n<p style=\"text-align: justify;\">\n<p style=\"text-align: justify;\">\n","protected":false},"excerpt":{"rendered":"<p>**375 trabajadores del Ince-M\u00e9rida, entre activos, aprendices, maestros, jubilados y personal de seguridad recibieron los alimentos<\/p>\n","protected":false},"author":4,"featured_media":35043,"comment_status":"closed","ping_status":"closed","sticky":false,"template":"","format":"standard","meta":{"footnotes":""},"categories":[2],"tags":[74,166],"class_list":["post-35042","post","type-post","status-publish","format-standard","has-post-thumbnail","hentry","category-blog","tag-merida","tag-proteccionaltrabajador"],"_links":{"self":[{"href":"https:\/\/inces.gob.ve\/index.php\/wp-json\/wp\/v2\/posts\/35042","targetHints":{"allow":["GET"]}}],"collection":[{"href":"https:\/\/inces.gob.ve\/index.php\/wp-json\/wp\/v2\/posts"}],"about":[{"href":"https:\/\/inces.gob.ve\/index.php\/wp-json\/wp\/v2\/types\/post"}],"author":[{"embeddable":true,"href":"https:\/\/inces.gob.ve\/index.php\/wp-json\/wp\/v2\/users\/4"}],"replies":[{"embeddable":true,"href":"https:\/\/inces.gob.ve\/index.php\/wp-json\/wp\/v2\/comments?post=35042"}],"version-history":[{"count":1,"href":"https:\/\/inces.gob.ve\/index.php\/wp-json\/wp\/v2\/posts\/35042\/revisions"}],"predecessor-version":[{"id":35045,"href":"https:\/\/inces.gob.ve\/index.php\/wp-json\/wp\/v2\/posts\/35042\/revisions\/35045"}],"wp:featuredmedia":[{"embeddable":true,"href":"https:\/\/inces.gob.ve\/index.php\/wp-json\/wp\/v2\/media\/35043"}],"wp:attachment":[{"href":"https:\/\/inces.gob.ve\/index.php\/wp-json\/wp\/v2\/media?parent=35042"}],"wp:term":[{"taxonomy":"category","embeddable":true,"href":"https:\/\/inces.gob.ve\/index.php\/wp-json\/wp\/v2\/categories?post=35042"},{"taxonomy":"post_tag","embeddable":true,"href":"https:\/\/inces.gob.ve\/index.php\/wp-json\/wp\/v2\/tags?post=35042"}],"curies":[{"name":"wp","href":"https:\/\/api.w.org\/{rel}","templated":true}]}}