{"id":35063,"date":"2020-05-30T15:16:27","date_gmt":"2020-05-30T19:16:27","guid":{"rendered":"https:\/\/inces.gob.ve\/?p=35063"},"modified":"2020-05-31T07:20:40","modified_gmt":"2020-05-31T11:20:40","slug":"un-dia-como-hoy-nace-tulio-febres-cordero","status":"publish","type":"post","link":"https:\/\/inces.gob.ve\/index.php\/2020\/05\/30\/un-dia-como-hoy-nace-tulio-febres-cordero\/","title":{"rendered":"A 160 a\u00f1os del natalicio de Tulio Febres Cordero"},"content":{"rendered":"<p align=\"justify\"><span style=\"font-size: 18pt;\"><strong><em>***El 31 de mayo de 1860, nace en M\u00e9rida, estado M\u00e9rida, el escritor, historiador, profesor universitario y periodista, Tulio Febres Cordero, quien realiz\u00f3 un aporte fundamental a la cultura intelectual venezolana<\/em><\/strong><!--more--><\/span><\/p>\n<p align=\"justify\">\n<p align=\"justify\"><span style=\"font-size: 18pt;\"><strong>ROD\u00cdN BUSTILLOS<\/strong> <\/span><\/p>\n<p align=\"justify\"><span style=\"font-size: 18pt;\">Los padres de Tulio Febres Cordero fueron Foci\u00f3n Febres Cordero y Georgina Troconis y Andrade. Sus primeras ense\u00f1anzas las recibi\u00f3 de sus padres y de sus t\u00edos Favio Febres Cordero e Indalecia Almarza, pasando luego a la Escuela de Varones de M\u00e9rida. Durante esta etapa aprende varios oficios que luego le ser\u00e1n de gran utilidad en el futuro: zapater\u00eda, relojer\u00eda, tipograf\u00eda, encuadernaci\u00f3n, caligraf\u00eda, dibujo y pintura.<\/span><\/p>\n<p align=\"justify\">\n<p align=\"justify\">\n<p align=\"justify\"><span style=\"font-size: 18pt;\">En 1871 ingresa a la Universidad de Los Andes para seguir los cursos de Latinidad y Filosof\u00eda, gradu\u00e1ndose de bachiller 7 a\u00f1os despu\u00e9s. En la Universidad inicia estudios de derecho, carrera que culmina en 1882, doctor\u00e1ndose 18 a\u00f1os m\u00e1s tarde.<\/span><\/p>\n<p align=\"justify\">\n<p align=\"justify\">\n<p align=\"justify\"><span style=\"font-size: 18pt;\">Tulio Febres Cordero comienza su labor como tip\u00f3grafo y periodista. En tal sentido, fueron varios los peri\u00f3dicos y revistas que funda, dirige, redacta, o en los que simplemente colabora, como P\u00e1ginas Sueltas (1882-1883) y El Comercio (1884), ambos junto con Jos\u00e9 Antonio Parra Pic\u00f3n, El L\u00e1piz (1885-1897), El Centavo (1900), El Billete (1902), el Mosaico (1921-1923), este \u00faltimo con su hijo Jos\u00e9 Rafael Febres Cordero.<\/span><\/p>\n<p align=\"justify\">\n<p align=\"justify\">\n<p align=\"justify\"><span style=\"font-size: 18pt;\">Mediante el estudio de la historia de M\u00e9rida, de los Andes y de sus \u00e1reas de influencia, su actividad en la Universidad de los Andes fue larga y fruct\u00edfera, especialmente como catedr\u00e1tico de Historia Universal (1892-1924), todo lo cual lo llev\u00f3 a ser nombrado vicerrector interino (1912) y rector honorario (1936).<\/span><\/p>\n<p align=\"justify\">\n<p align=\"justify\">\n<p align=\"justify\"><span style=\"font-size: 18pt;\">En 1883 contrae matrimonio con Teresa Carnevali Brice\u00f1o, con quien procrear\u00e1 varios hijos.<\/span><\/p>\n<p align=\"justify\">\n<p align=\"justify\">\n<p align=\"justify\"><span style=\"font-size: 18pt;\">Como top\u00f3grafo, Febres desarroll\u00f3 la t\u00e9cnica de la imagotipia (1885), o arte de representar im\u00e1genes con tipos de imprenta. Tambi\u00e9n se ocupa de la foliograf\u00eda (1896), t\u00e9cnica que consiste en la reproducci\u00f3n mediante impresi\u00f3n de las hojas de las plantas. En cuanto a su obra en general, se puede decir que la misma es polifac\u00e9tica por abarcar aspectos propios de la historia, la literatura, la antropolog\u00eda, el derecho, la educaci\u00f3n y otras ramas del saber.<\/span><\/p>\n<p align=\"justify\">\n<p align=\"justify\">\n<p align=\"justify\"><span style=\"font-size: 18pt;\">Su escritura se expresa en distintos g\u00e9neros: cr\u00f3nica, ensayo, cuento, novela y poes\u00eda. Asimismo, su heterog\u00e9nea producci\u00f3n intelectual se caracteriza por abordar conjuntamente los hechos de la historia formal (conquistas, fundaciones, revoluciones, guerras, etc.) con los de la historia cotidiana (costumbres, creencias, modos de vida, etc.).<\/span><\/p>\n<p align=\"justify\">\n<p align=\"justify\">\n<p align=\"justify\"><span style=\"font-size: 18pt;\">Su inter\u00e9s por dar a conocer en un lenguaje sencillo las tradiciones, mitos y leyendas, expresiones que si bien no forman parte de la historia acad\u00e9mica, Tulio Febres Cordero, realiz\u00f3 un aporte fundamental a la cultura intelectual venezolana, quien ayud\u00f3 a entender la psicolog\u00eda de los pueblos, en especial la de la regi\u00f3n andina.<\/span><\/p>\n<p align=\"justify\">\n<p align=\"justify\">\n<p align=\"justify\"><span style=\"font-size: 18pt;\">Durante su existencia, Tulio Febres Cordero fue objeto de numerosas distinciones, como el haber sido admitido en instituciones acad\u00e9micas tanto de Venezuela (miembro correspondiente de la Academia Nacional de la Historia y de la Academia Venezolana de la Lengua) como del extranjero.<\/span><\/p>\n<p align=\"justify\">\n<p align=\"justify\"><a name=\"_GoBack\"><\/a><span style=\"font-size: 18pt;\"> En 1978, los herederos de la familia Febres Cordero donaron a la naci\u00f3n la colecci\u00f3n de impresos y documentos pacientemente reunidos por el escritor meride\u00f1o, as\u00ed como lo dejado por su hijo Jos\u00e9 Rafael. Estos materiales pueden ser consultados en la Biblioteca Febres Cordero del Instituto Aut\u00f3nomo Biblioteca Nacional, ubicada en M\u00e9rida. Muere en M\u00e9rida (Edo. M\u00e9rida) el 3 de junio de 1938.<\/span><\/p>\n<p align=\"justify\"><span style=\"color: #999999; font-size: 18pt;\"><i>Fuente: https:\/\/www.venezuelatuya.com<\/i><\/span><\/p>\n","protected":false},"excerpt":{"rendered":"<p>***El 31 de mayo de 1860, nace en M\u00e9rida, estado M\u00e9rida, el escritor, historiador, profesor universitario y periodista, Tulio Febres Cordero, quien realiz\u00f3 un aporte fundamental a la cultura intelectual venezolana<\/p>\n","protected":false},"author":4,"featured_media":35064,"comment_status":"closed","ping_status":"closed","sticky":false,"template":"","format":"standard","meta":{"footnotes":""},"categories":[2],"tags":[144],"class_list":["post-35063","post","type-post","status-publish","format-standard","has-post-thumbnail","hentry","category-blog","tag-efemerides"],"_links":{"self":[{"href":"https:\/\/inces.gob.ve\/index.php\/wp-json\/wp\/v2\/posts\/35063","targetHints":{"allow":["GET"]}}],"collection":[{"href":"https:\/\/inces.gob.ve\/index.php\/wp-json\/wp\/v2\/posts"}],"about":[{"href":"https:\/\/inces.gob.ve\/index.php\/wp-json\/wp\/v2\/types\/post"}],"author":[{"embeddable":true,"href":"https:\/\/inces.gob.ve\/index.php\/wp-json\/wp\/v2\/users\/4"}],"replies":[{"embeddable":true,"href":"https:\/\/inces.gob.ve\/index.php\/wp-json\/wp\/v2\/comments?post=35063"}],"version-history":[{"count":2,"href":"https:\/\/inces.gob.ve\/index.php\/wp-json\/wp\/v2\/posts\/35063\/revisions"}],"predecessor-version":[{"id":35066,"href":"https:\/\/inces.gob.ve\/index.php\/wp-json\/wp\/v2\/posts\/35063\/revisions\/35066"}],"wp:featuredmedia":[{"embeddable":true,"href":"https:\/\/inces.gob.ve\/index.php\/wp-json\/wp\/v2\/media\/35064"}],"wp:attachment":[{"href":"https:\/\/inces.gob.ve\/index.php\/wp-json\/wp\/v2\/media?parent=35063"}],"wp:term":[{"taxonomy":"category","embeddable":true,"href":"https:\/\/inces.gob.ve\/index.php\/wp-json\/wp\/v2\/categories?post=35063"},{"taxonomy":"post_tag","embeddable":true,"href":"https:\/\/inces.gob.ve\/index.php\/wp-json\/wp\/v2\/tags?post=35063"}],"curies":[{"name":"wp","href":"https:\/\/api.w.org\/{rel}","templated":true}]}}