{"id":35072,"date":"2020-06-01T09:44:57","date_gmt":"2020-06-01T13:44:57","guid":{"rendered":"https:\/\/inces.gob.ve\/?p=35072"},"modified":"2020-06-01T09:44:57","modified_gmt":"2020-06-01T13:44:57","slug":"lara-inces-ofrece-las-mejores-opciones-formativas-en-tiempos-de-cuarentena-productiva","status":"publish","type":"post","link":"https:\/\/inces.gob.ve\/index.php\/2020\/06\/01\/lara-inces-ofrece-las-mejores-opciones-formativas-en-tiempos-de-cuarentena-productiva\/","title":{"rendered":"LARA | Inces ofrece las mejores opciones formativas en tiempos de cuarentena productiva"},"content":{"rendered":"<p align=\"justify\"><span style=\"font-family: Arial, sans-serif;\"><i><b>** Los guaros expresan desde sus casas su motivaci\u00f3n y compromiso<\/b><\/i><\/span><!--more--><\/p>\n<p align=\"justify\">\n<p align=\"justify\"><span style=\"font-family: Arial, sans-serif;\"><b>DANNYS MORILLO<\/b><\/span><\/p>\n<p align=\"justify\"><span style=\"font-family: Arial, sans-serif;\">Motivados ante los retos que les toca vivir, hombres y mujeres productivos encuentran en el Inces la mejor opci\u00f3n formativa en tiempos de cuarentena; y es que el hogar se ha convertido en la trinchera de lucha para el trabajo, el estudio y la cotidianidad.<\/span><\/p>\n<p align=\"justify\">\n<p align=\"justify\"><span style=\"font-family: Arial, sans-serif;\"><b>Hablan las participantes: mujeres de capacidad y valent\u00eda<\/b><\/span><\/p>\n<p align=\"justify\"><span style=\"font-family: Arial, sans-serif;\">Para Marley Dorante, del curso Confecci\u00f3n de Ropa \u00cdntima, esta es una oportunidad de aprender para enfrentar las circunstancias \u201ccomo habitante de la zona norte del estado Lara puedo decir que es maravilloso este mecanismo de aprender en l\u00ednea, porque no hay una sola forma de aprender, y desde casa aprendemos y sobrellevamos la cuarentena\u201d indic\u00f3.<\/span><\/p>\n<p align=\"justify\">\n<p align=\"justify\"><img loading=\"lazy\" decoding=\"async\" class=\"aligncenter wp-image-35075 size-full\" src=\"https:\/\/inces.gob.ve\/wp-content\/uploads\/2020\/06\/inces_lara_formaci\u00f3n_a_distancia.jpg\" alt=\"\" width=\"600\" height=\"498\" srcset=\"https:\/\/inces.gob.ve\/wp-content\/uploads\/2020\/06\/inces_lara_formaci\u00f3n_a_distancia.jpg 600w, https:\/\/inces.gob.ve\/wp-content\/uploads\/2020\/06\/inces_lara_formaci\u00f3n_a_distancia-300x249.jpg 300w\" sizes=\"auto, (max-width: 600px) 100vw, 600px\" \/><\/p>\n<p align=\"justify\">\n<p align=\"justify\"><span style=\"font-family: Arial, sans-serif;\">La participante Damaris Morillo dijo sentirse bendecida, \u201cla explicaci\u00f3n de la maestra t\u00e9cnica productiva, Doris Leal es concreta, precisa y sencilla, siempre quise formarme con Inces, pero por mi trabajo no pod\u00eda, ahora desde mi casa estoy aprendiendo este arte de la costura que me distrae y me hace crecer en conocimientos\u201d; esta joven madre y mujer luchadora, valora estos momentos junto a Inces.<\/span><\/p>\n<p align=\"justify\">\n<p align=\"justify\"><img loading=\"lazy\" decoding=\"async\" class=\"aligncenter wp-image-35073 size-full\" src=\"https:\/\/inces.gob.ve\/wp-content\/uploads\/2020\/06\/inces_lara_formaci\u00f3n_a_distancia3.jpg\" alt=\"\" width=\"600\" height=\"374\" srcset=\"https:\/\/inces.gob.ve\/wp-content\/uploads\/2020\/06\/inces_lara_formaci\u00f3n_a_distancia3.jpg 600w, https:\/\/inces.gob.ve\/wp-content\/uploads\/2020\/06\/inces_lara_formaci\u00f3n_a_distancia3-300x187.jpg 300w\" sizes=\"auto, (max-width: 600px) 100vw, 600px\" \/><\/p>\n<p align=\"justify\">\n<p align=\"justify\"><span style=\"font-family: Arial, sans-serif;\">Maestros y promotores t\u00e9cnico productivos y voluntarios trabajan d\u00eda a d\u00eda con el mayor compromiso y entusiasmo para llevar, con el uso de las herramientas tecnol\u00f3gicas, cada clase y cada tema a sus participantes. En cotidiana din\u00e1mica formativa aportan sus ideas y trabajos en un ejercicio que nutre y los lleva por la senda de la lucha colectiva.<\/span><\/p>\n<p align=\"justify\">\n<p align=\"justify\">\n<p align=\"justify\"><span style=\"font-family: Arial, sans-serif;\">Somos Inces es sin\u00f3nimo de lucha y lealtad junto al pueblo para ganar la batalla al COVID-19 y aportar grandemente a la patria de Bol\u00edvar. Somos un pueblo victorioso.<\/span><\/p>\n<p align=\"justify\">\n","protected":false},"excerpt":{"rendered":"<p>** Los guaros expresan desde sus casas su motivaci\u00f3n y compromiso<\/p>\n","protected":false},"author":4,"featured_media":35074,"comment_status":"closed","ping_status":"closed","sticky":false,"template":"","format":"standard","meta":{"footnotes":""},"categories":[2],"tags":[137,84],"class_list":["post-35072","post","type-post","status-publish","format-standard","has-post-thumbnail","hentry","category-blog","tag-formacionadistancia","tag-lara"],"_links":{"self":[{"href":"https:\/\/inces.gob.ve\/index.php\/wp-json\/wp\/v2\/posts\/35072","targetHints":{"allow":["GET"]}}],"collection":[{"href":"https:\/\/inces.gob.ve\/index.php\/wp-json\/wp\/v2\/posts"}],"about":[{"href":"https:\/\/inces.gob.ve\/index.php\/wp-json\/wp\/v2\/types\/post"}],"author":[{"embeddable":true,"href":"https:\/\/inces.gob.ve\/index.php\/wp-json\/wp\/v2\/users\/4"}],"replies":[{"embeddable":true,"href":"https:\/\/inces.gob.ve\/index.php\/wp-json\/wp\/v2\/comments?post=35072"}],"version-history":[{"count":1,"href":"https:\/\/inces.gob.ve\/index.php\/wp-json\/wp\/v2\/posts\/35072\/revisions"}],"predecessor-version":[{"id":35076,"href":"https:\/\/inces.gob.ve\/index.php\/wp-json\/wp\/v2\/posts\/35072\/revisions\/35076"}],"wp:featuredmedia":[{"embeddable":true,"href":"https:\/\/inces.gob.ve\/index.php\/wp-json\/wp\/v2\/media\/35074"}],"wp:attachment":[{"href":"https:\/\/inces.gob.ve\/index.php\/wp-json\/wp\/v2\/media?parent=35072"}],"wp:term":[{"taxonomy":"category","embeddable":true,"href":"https:\/\/inces.gob.ve\/index.php\/wp-json\/wp\/v2\/categories?post=35072"},{"taxonomy":"post_tag","embeddable":true,"href":"https:\/\/inces.gob.ve\/index.php\/wp-json\/wp\/v2\/tags?post=35072"}],"curies":[{"name":"wp","href":"https:\/\/api.w.org\/{rel}","templated":true}]}}