{"id":35086,"date":"2020-06-02T07:10:48","date_gmt":"2020-06-02T11:10:48","guid":{"rendered":"https:\/\/inces.gob.ve\/?p=35086"},"modified":"2020-06-02T07:10:48","modified_gmt":"2020-06-02T11:10:48","slug":"barinas-inces-fortalece-el-motor-agroalimentario-con-la-formacion-siembra-directa","status":"publish","type":"post","link":"https:\/\/inces.gob.ve\/index.php\/2020\/06\/02\/barinas-inces-fortalece-el-motor-agroalimentario-con-la-formacion-siembra-directa\/","title":{"rendered":"BARINAS | Inces fortalece el motor agroalimentario con la formaci\u00f3n Siembra directa"},"content":{"rendered":"<p style=\"text-align: justify;\"><span style=\"font-size: 18pt;\"><em><strong>** En tiempos de cuarentena, el \u00e1rea agr\u00edcola gana un espacio importante en los patios productivos familiares<\/strong><\/em><!--more--><\/span><\/p>\n<p>&nbsp;<\/p>\n<p style=\"text-align: justify;\"><span style=\"font-size: 18pt;\"><b>HIRASYANEL BAYONA <\/b><\/span><\/p>\n<p style=\"text-align: justify;\"><span style=\"font-size: 18pt;\">Con una duraci\u00f3n de 18 horas, adaptadas a la modalidad de formaci\u00f3n a distancia por medio de herramientas tecnol\u00f3gicas, Inces Barinas desarroll\u00f3 la formaci\u00f3n Siembra directa, dirigida a participantes de diferentes comunidades de los municipios Barinas y San Silvestre, que hab\u00edan participado previamente en Construcci\u00f3n de semilleros.<\/span><\/p>\n<p>&nbsp;<\/p>\n<p style=\"text-align: justify;\"><span style=\"font-size: 18pt;\">Magali Noguera, facilitadora en el proceso, y coordinadora regional del motor Agr\u00edcola, indic\u00f3 que inici\u00f3 la formaci\u00f3n con un corto taller (4h) de Construcci\u00f3n colectiva de la sensibilizaci\u00f3n, con el fin de motivar a\u00fan m\u00e1s a los participantes en la agroecolog\u00eda, como una herramienta que permite interactuar con el medio ambiente y realizar cambios de una manera org\u00e1nica para mejorar los suelos y obtener rubros sanos.<\/span><\/p>\n<p>&nbsp;<\/p>\n<p style=\"text-align: justify;\"><span style=\"font-size: 18pt;\">Posteriormente dieron inicio a temas propios del proceso formativo, entre los que est\u00e1n: definici\u00f3n de siembra directa en el terreno, proceso para implementar una siembra directa, tipos de siembra, selecci\u00f3n de la semilla (partiendo de rubros utilizados en la cocina) y cu\u00e1l es el periodo de cosecha de acuerdo al rubro.<\/span><\/p>\n<p>&nbsp;<\/p>\n<p style=\"text-align: justify;\"><span style=\"font-size: 18pt;\">Explic\u00f3 Noguera que para la formaci\u00f3n se consideraron aspectos como el espacio del terreno y el color de la tierra con la cual contaban los participantes, esto a fin de poder definir los rubros a sembrar, aclarando que, de acuerdo a la tierra, se estipulaba si era apta para frutas u hortalizas y que la tierra deb\u00eda encontrarse preparada con anterioridad a la siembra, es decir, libre de maleza, piedras, residuos y de todo aquello que pueda perjudicar de alg\u00fan modo a la plantaci\u00f3n.<\/span><\/p>\n<p>&nbsp;<\/p>\n<p style=\"text-align: justify;\"><span style=\"font-size: 18pt;\">La siembra de este tipo, tal cual lo indica su nombre, se lleva a cabo directamente en la tierra, en la \u00e9poca del a\u00f1o que corresponde, para que las plantas germinen acorde al clima de la estaci\u00f3n, por lo que los participantes sembraron ceboll\u00edn, aj\u00ed dulce y piment\u00f3n, convirtiendo sus patios familiares en patios productivos o conucos familiares.<\/span><\/p>\n<p>&nbsp;<\/p>\n<p style=\"text-align: justify;\"><span style=\"font-size: 18pt;\">Noguer\u00e1 inform\u00f3 que una vez desarrollado el proceso con la modalidad a distancia, las actividades eran guiadas y evidenciadas por medio de videos caseros, y que adem\u00e1s, cerrando el proceso de formaci\u00f3n, realizaron un conversatorio que permiti\u00f3 constatar saberes y aclarar dudas, mostrando los participantes inter\u00e9s en seguir avanzando en el \u00e1rea agr\u00edcola e ir fortaleciendo su patio productivo.<\/span><\/p>\n","protected":false},"excerpt":{"rendered":"<p>** En tiempos de cuarentena, el \u00e1rea agr\u00edcola gana un espacio importante en los patios productivos familiares<\/p>\n","protected":false},"author":4,"featured_media":35088,"comment_status":"closed","ping_status":"closed","sticky":false,"template":"","format":"standard","meta":{"footnotes":""},"categories":[2],"tags":[142,151,172],"class_list":["post-35086","post","type-post","status-publish","format-standard","has-post-thumbnail","hentry","category-blog","tag-agriculturaurbana","tag-barinas","tag-motoragricola"],"_links":{"self":[{"href":"https:\/\/inces.gob.ve\/index.php\/wp-json\/wp\/v2\/posts\/35086","targetHints":{"allow":["GET"]}}],"collection":[{"href":"https:\/\/inces.gob.ve\/index.php\/wp-json\/wp\/v2\/posts"}],"about":[{"href":"https:\/\/inces.gob.ve\/index.php\/wp-json\/wp\/v2\/types\/post"}],"author":[{"embeddable":true,"href":"https:\/\/inces.gob.ve\/index.php\/wp-json\/wp\/v2\/users\/4"}],"replies":[{"embeddable":true,"href":"https:\/\/inces.gob.ve\/index.php\/wp-json\/wp\/v2\/comments?post=35086"}],"version-history":[{"count":1,"href":"https:\/\/inces.gob.ve\/index.php\/wp-json\/wp\/v2\/posts\/35086\/revisions"}],"predecessor-version":[{"id":35089,"href":"https:\/\/inces.gob.ve\/index.php\/wp-json\/wp\/v2\/posts\/35086\/revisions\/35089"}],"wp:featuredmedia":[{"embeddable":true,"href":"https:\/\/inces.gob.ve\/index.php\/wp-json\/wp\/v2\/media\/35088"}],"wp:attachment":[{"href":"https:\/\/inces.gob.ve\/index.php\/wp-json\/wp\/v2\/media?parent=35086"}],"wp:term":[{"taxonomy":"category","embeddable":true,"href":"https:\/\/inces.gob.ve\/index.php\/wp-json\/wp\/v2\/categories?post=35086"},{"taxonomy":"post_tag","embeddable":true,"href":"https:\/\/inces.gob.ve\/index.php\/wp-json\/wp\/v2\/tags?post=35086"}],"curies":[{"name":"wp","href":"https:\/\/api.w.org\/{rel}","templated":true}]}}