{"id":35090,"date":"2020-06-02T07:28:55","date_gmt":"2020-06-02T11:28:55","guid":{"rendered":"https:\/\/inces.gob.ve\/?p=35090"},"modified":"2020-06-02T07:28:55","modified_gmt":"2020-06-02T11:28:55","slug":"merida-estudiantes-de-bachillerato-productivo-avanzan-a-traves-de-las-aulas-virtuales","status":"publish","type":"post","link":"https:\/\/inces.gob.ve\/index.php\/2020\/06\/02\/merida-estudiantes-de-bachillerato-productivo-avanzan-a-traves-de-las-aulas-virtuales\/","title":{"rendered":"M\u00c9RIDA | Estudiantes de Bachillerato Productivo avanzan a trav\u00e9s de las aulas virtuales"},"content":{"rendered":"<p style=\"text-align: justify;\" align=\"justify\"><span style=\"color: #000000; font-size: 18pt;\"><span style=\"font-family: Arial,serif;\"><i>** <\/i><i>Los alumnos <\/i><i>reportan sus trabajos y actividades acad\u00e9micas a trav\u00e9s de las aulas virtuales<\/i><\/span><\/span><!--more--><\/p>\n<p style=\"text-align: justify;\" align=\"justify\">\n<p style=\"text-align: justify;\" align=\"justify\"><span style=\"color: #000000; font-size: 18pt;\"><span style=\"font-family: Arial,serif;\"><b>NADIA LOBO <\/b><\/span><\/span><\/p>\n<p style=\"text-align: justify;\" align=\"justify\"><span style=\"color: #000000; font-size: 18pt;\"><span style=\"font-family: Arial,serif;\">El gerente regional del Inces M\u00e9rida, Noel Jover, inform\u00f3 que <b>actualmente se atienden a 120 estudiantes del Bachillerato Productivo<\/b> a trav\u00e9s de las aulas virtuales, las cuales permiten interactuar y enviar y recibir el material did\u00e1ctico para la formaci\u00f3n.<\/span><\/span><\/p>\n<p align=\"justify\">\n<p style=\"text-align: justify;\" align=\"justify\"><span style=\"font-size: 18pt;\"><span style=\"font-family: Arial,serif;\">Indic\u00f3 <\/span><span style=\"font-family: Arial,serif;\">tambi\u00e9n <\/span><span style=\"font-family: Arial,serif;\">que siguiendo instrucciones del Gobierno Bolivariano <\/span><span style=\"font-family: Arial,serif;\"><b>y acatando la cuarenta social <\/b><\/span><span style=\"font-family: Arial,serif;\">para evitar la onda expansiva del C<\/span><span style=\"font-family: Arial,serif;\">OVID<\/span><span style=\"font-family: Arial,serif;\">-19, el <\/span><span style=\"font-family: Arial,serif;\"><b>Inces M\u00e9rida, mantiene activa su oferta formativa a trav\u00e9s de aulas interactivas.<\/b><\/span><\/span><\/p>\n<p align=\"justify\">\n<p align=\"justify\"><img loading=\"lazy\" decoding=\"async\" class=\"aligncenter wp-image-35092 size-full\" src=\"https:\/\/inces.gob.ve\/wp-content\/uploads\/2020\/06\/merida_unidad_educativa_inces.jpg\" alt=\"\" width=\"700\" height=\"815\" srcset=\"https:\/\/inces.gob.ve\/wp-content\/uploads\/2020\/06\/merida_unidad_educativa_inces.jpg 700w, https:\/\/inces.gob.ve\/wp-content\/uploads\/2020\/06\/merida_unidad_educativa_inces-258x300.jpg 258w, https:\/\/inces.gob.ve\/wp-content\/uploads\/2020\/06\/merida_unidad_educativa_inces-660x768.jpg 660w\" sizes=\"auto, (max-width: 700px) 100vw, 700px\" \/><\/p>\n<p align=\"justify\">\n<p style=\"text-align: justify;\" align=\"justify\"><span style=\"font-size: 18pt;\"><span style=\"font-family: Arial,serif;\">De<\/span><span style=\"font-family: Arial,serif;\">stac\u00f3<\/span><b> <\/b><span style=\"font-family: Arial,serif;\">Jover<\/span><b> <\/b><span style=\"font-family: Arial,serif;\">que los estudiantes del Bachillerato Productivo, desplegado<\/span><span style=\"font-family: Arial,serif;\">s<\/span><span style=\"font-family: Arial,serif;\"> a lo largo y ancho de la entidad meride\u00f1a, <\/span><span style=\"font-family: Arial,serif;\"><b>reciben <\/b><\/span><span style=\"font-family: Arial,serif;\"><b>orientaciones<\/b><\/span><span style=\"font-family: Arial,serif;\"><b> acad\u00e9micas, utilizando esta modalidad de educaci\u00f3n a distancia (EaD), <\/b><\/span><span style=\"font-family: Arial,serif;\">con clases y bibliotecas virtuales, clases tutoriales, entre otras herramientas tecnol\u00f3gicas que permit<\/span><span style=\"font-family: Arial,serif;\">e<\/span><span style=\"font-family: Arial,serif;\">n mantener y avanzar en los procesos de aprendizaje en medio de la cuarentena social y colectiva.<\/span><\/span><\/p>\n<p align=\"justify\">\n<p style=\"text-align: justify;\" align=\"justify\">\n<p style=\"text-align: justify;\" align=\"justify\"><span style=\"color: #000000; font-size: 18pt;\"><span style=\"font-family: Arial,serif;\">Explic\u00f3 que actualmente <b>los estudiantes tanto de Bachillerato Productivo,<\/b> como de <b>cursos cortos y <\/b><b>d<\/b><b>el Programa Nacional de Aprendizaje (PNA<\/b>) reportan sus trabajos y actividades acad\u00e9micas, as\u00ed como las jornadas integrales comunitarias que forman parte de su formaci\u00f3n, utilizando los grupos de WhatsAapp, Telegram y correo electr\u00f3nico, entre otras <b>herramientas did\u00e1cticas para la formaci\u00f3n.<\/b><\/span><\/span><\/p>\n<p style=\"text-align: justify;\" align=\"justify\">\n<p style=\"text-align: justify;\">\n","protected":false},"excerpt":{"rendered":"<p>** Los alumnos reportan sus trabajos y actividades acad\u00e9micas a trav\u00e9s de las aulas virtuales<\/p>\n","protected":false},"author":4,"featured_media":35091,"comment_status":"closed","ping_status":"closed","sticky":false,"template":"","format":"standard","meta":{"footnotes":""},"categories":[2],"tags":[139,137,74],"class_list":["post-35090","post","type-post","status-publish","format-standard","has-post-thumbnail","hentry","category-blog","tag-bachilleratoproductivo","tag-formacionadistancia","tag-merida"],"_links":{"self":[{"href":"https:\/\/inces.gob.ve\/index.php\/wp-json\/wp\/v2\/posts\/35090","targetHints":{"allow":["GET"]}}],"collection":[{"href":"https:\/\/inces.gob.ve\/index.php\/wp-json\/wp\/v2\/posts"}],"about":[{"href":"https:\/\/inces.gob.ve\/index.php\/wp-json\/wp\/v2\/types\/post"}],"author":[{"embeddable":true,"href":"https:\/\/inces.gob.ve\/index.php\/wp-json\/wp\/v2\/users\/4"}],"replies":[{"embeddable":true,"href":"https:\/\/inces.gob.ve\/index.php\/wp-json\/wp\/v2\/comments?post=35090"}],"version-history":[{"count":1,"href":"https:\/\/inces.gob.ve\/index.php\/wp-json\/wp\/v2\/posts\/35090\/revisions"}],"predecessor-version":[{"id":35093,"href":"https:\/\/inces.gob.ve\/index.php\/wp-json\/wp\/v2\/posts\/35090\/revisions\/35093"}],"wp:featuredmedia":[{"embeddable":true,"href":"https:\/\/inces.gob.ve\/index.php\/wp-json\/wp\/v2\/media\/35091"}],"wp:attachment":[{"href":"https:\/\/inces.gob.ve\/index.php\/wp-json\/wp\/v2\/media?parent=35090"}],"wp:term":[{"taxonomy":"category","embeddable":true,"href":"https:\/\/inces.gob.ve\/index.php\/wp-json\/wp\/v2\/categories?post=35090"},{"taxonomy":"post_tag","embeddable":true,"href":"https:\/\/inces.gob.ve\/index.php\/wp-json\/wp\/v2\/tags?post=35090"}],"curies":[{"name":"wp","href":"https:\/\/api.w.org\/{rel}","templated":true}]}}