{"id":35112,"date":"2020-06-03T07:51:11","date_gmt":"2020-06-03T11:51:11","guid":{"rendered":"https:\/\/inces.gob.ve\/?p=35112"},"modified":"2020-06-03T07:51:11","modified_gmt":"2020-06-03T11:51:11","slug":"barinas-inces-inicio-la-formacion-construccion-de-semilleros","status":"publish","type":"post","link":"https:\/\/inces.gob.ve\/index.php\/2020\/06\/03\/barinas-inces-inicio-la-formacion-construccion-de-semilleros\/","title":{"rendered":"BARINAS | Inces inici\u00f3 la formaci\u00f3n Construcci\u00f3n de semilleros"},"content":{"rendered":"<p style=\"text-align: justify;\"><strong><em><span style=\"font-size: 18pt;\">** La cultura productiva es herramienta para alcanzar la independencia agroalimentaria, de la mano del \u201cFormar produciendo, Producir formando\u201d<\/span><\/em><\/strong><!--more--><\/p>\n<p style=\"text-align: justify;\">\n<p style=\"text-align: justify;\"><span style=\"font-size: 18pt;\"><b>HIRASYANEL BAYONA <\/b><\/span><\/p>\n<p style=\"text-align: justify;\"><span style=\"font-size: 18pt;\">Un total de 12 participantes de diferentes zonas del municipio capital iniciaron su preparaci\u00f3n en el \u00e1rea agr\u00edcola, incorpor\u00e1ndose a la formaci\u00f3n Construcci\u00f3n de semilleros con Inces Barinas.<\/span><\/p>\n<p style=\"text-align: justify;\">\n<p style=\"text-align: justify;\"><span style=\"font-size: 18pt;\">Magali Noguera, coordinadora institucional del Motor Agroalimentario en la regi\u00f3n, quien tiene la responsabilidad formativa, aclar\u00f3, que al igual que el resto de las formaciones, esta tambi\u00e9n ser\u00e1 desarrollada a distancia, acatando las a\u00fan vigentes orientaciones preventivas nacionales y regionales, en relaci\u00f3n a la pandemia del COVID-19; por lo que ser\u00e1n utilizadas herramientas tecnol\u00f3gicas como correos electr\u00f3nicos, grupos de chat telef\u00f3nicos y videos llamadas.<\/span><\/p>\n<p style=\"text-align: justify;\">\n<p style=\"text-align: justify;\"><span style=\"font-size: 18pt;\">Noguera inform\u00f3 que la formaci\u00f3n se dar\u00e1 en tres fases:<\/span><\/p>\n<p style=\"text-align: justify;\"><span style=\"font-size: 18pt;\"><strong>1)<\/strong> Preparaci\u00f3n de terreno (remoci\u00f3n y limpieza de malezas),<\/span><\/p>\n<p style=\"text-align: justify;\"><span style=\"font-size: 18pt;\"><strong>2)<\/strong> Desinfecci\u00f3n del terreno (haciendo uso de cal y agua caliente y la aplicaci\u00f3n de ceniza, todos en sus tiempos correspondientes, mismos que son aclarados en las sesiones formativas), y<\/span><\/p>\n<p style=\"text-align: justify;\"><span style=\"font-size: 18pt;\"><strong>3)<\/strong> Inicio de la siembra, teniendo en cuenta la \u00e9poca del a\u00f1o, tipo de tierra y rubros de consumo dom\u00e9stico, los cuales puedan aportar la semilla para la elaboraci\u00f3n de los semilleros, previamente conociendo los procedimientos necesarios para la correcta selecci\u00f3n de la misma.<\/span><\/p>\n<p style=\"text-align: justify;\">\n<p style=\"text-align: justify;\"><span style=\"font-size: 18pt;\">Asimismo, Noguera explic\u00f3 que el semillero es el sitio m\u00e1s id\u00f3neo para que la semilla inicie su fase de desarrollo, proporcionando las condiciones adecuadas a las peque\u00f1as plantas para que luego sean trasplantadas al terreno definitivo, y que se busca concienciar a los participantes en este sentido, indic\u00e1ndoles tambi\u00e9n la importancia de la buena ubicaci\u00f3n del semillero, en un espacio donde sea posible controlar los cambios de temperatura, la ca\u00edda de agua de lluvia, la humedad, los insectos o plaga y la entrada de animales, adem\u00e1s de considerar la cercan\u00eda a fuentes de agua, mismas que faciliten su aplicaci\u00f3n.<\/span><\/p>\n<p style=\"text-align: justify;\">\n<p style=\"text-align: justify;\"><span style=\"font-size: 18pt;\">Una vez armado el semillero, los cuidados son sencillos, realizando en verano riego diario con un sistema de agua o lluvia fina como el que proveen envases pl\u00e1sticos desechables adaptados con m\u00faltiples peque\u00f1os orificios, simulando una regadera, y en \u00e9poca de invierno basta con que el procedimiento se realice cada dos o tres d\u00edas, brind\u00e1ndole estas condiciones amplias posibilidades de que puedan avanzar con facilidad en el proceso formativo, desde la seguridad de sus hogares, guiados de la mano de Inces Barinas.<\/span><\/p>\n","protected":false},"excerpt":{"rendered":"<p>** La cultura productiva es herramienta para alcanzar la independencia agroalimentaria, de la mano del \u201cFormar produciendo, Producir formando\u201d<\/p>\n","protected":false},"author":4,"featured_media":35113,"comment_status":"closed","ping_status":"closed","sticky":false,"template":"","format":"standard","meta":{"footnotes":""},"categories":[2],"tags":[142,151,137,174],"class_list":["post-35112","post","type-post","status-publish","format-standard","has-post-thumbnail","hentry","category-blog","tag-agriculturaurbana","tag-barinas","tag-formacionadistancia","tag-semilleros"],"_links":{"self":[{"href":"https:\/\/inces.gob.ve\/index.php\/wp-json\/wp\/v2\/posts\/35112","targetHints":{"allow":["GET"]}}],"collection":[{"href":"https:\/\/inces.gob.ve\/index.php\/wp-json\/wp\/v2\/posts"}],"about":[{"href":"https:\/\/inces.gob.ve\/index.php\/wp-json\/wp\/v2\/types\/post"}],"author":[{"embeddable":true,"href":"https:\/\/inces.gob.ve\/index.php\/wp-json\/wp\/v2\/users\/4"}],"replies":[{"embeddable":true,"href":"https:\/\/inces.gob.ve\/index.php\/wp-json\/wp\/v2\/comments?post=35112"}],"version-history":[{"count":1,"href":"https:\/\/inces.gob.ve\/index.php\/wp-json\/wp\/v2\/posts\/35112\/revisions"}],"predecessor-version":[{"id":35114,"href":"https:\/\/inces.gob.ve\/index.php\/wp-json\/wp\/v2\/posts\/35112\/revisions\/35114"}],"wp:featuredmedia":[{"embeddable":true,"href":"https:\/\/inces.gob.ve\/index.php\/wp-json\/wp\/v2\/media\/35113"}],"wp:attachment":[{"href":"https:\/\/inces.gob.ve\/index.php\/wp-json\/wp\/v2\/media?parent=35112"}],"wp:term":[{"taxonomy":"category","embeddable":true,"href":"https:\/\/inces.gob.ve\/index.php\/wp-json\/wp\/v2\/categories?post=35112"},{"taxonomy":"post_tag","embeddable":true,"href":"https:\/\/inces.gob.ve\/index.php\/wp-json\/wp\/v2\/tags?post=35112"}],"curies":[{"name":"wp","href":"https:\/\/api.w.org\/{rel}","templated":true}]}}