{"id":35122,"date":"2020-06-04T07:26:24","date_gmt":"2020-06-04T11:26:24","guid":{"rendered":"https:\/\/inces.gob.ve\/?p=35122"},"modified":"2020-06-06T08:52:30","modified_gmt":"2020-06-06T12:52:30","slug":"trujillo-inces-fortalece-brigadas-productivas-textiles","status":"publish","type":"post","link":"https:\/\/inces.gob.ve\/index.php\/2020\/06\/04\/trujillo-inces-fortalece-brigadas-productivas-textiles\/","title":{"rendered":"TRUJILLO | Inces fortalece brigadas productivas textiles"},"content":{"rendered":"<p style=\"text-align: justify;\"><span style=\"font-size: 18pt;\"><i><b>** En las localidades de Sucre, San Rafael de Carvajal, Bocon\u00f3, Betijoque y Valera se dise\u00f1aron y fabricaron m\u00e1s de 6 mil tapabocas <\/b><\/i><!--more--><\/span><\/p>\n<p style=\"text-align: justify;\">\n<p style=\"text-align: justify;\"><span style=\"font-size: 18pt;\"><b>MAR\u00cdA CABRERA<\/b><\/span><\/p>\n<p style=\"text-align: justify;\"><span style=\"font-size: 18pt;\">Para el Inces el a\u00f1o 2020 comenz\u00f3 con la activaci\u00f3n de las Brigadas Productivas, siempre con la ayuda sincera de los integrantes de la Milicia Bolivariana Venezolana, proyecto que se mantuvo hasta el anuncio de la cuarentena nacional, producto del COVID-19, por parte del Ejecutivo Nacional, el pasado mes de marzo.<\/span><\/p>\n<p style=\"text-align: justify;\"><span style=\"font-size: 18pt;\">Desde esa fecha han florecido siete Brigadas Productivas, solo en el \u00e1rea textil, en distintos sitios de la entidad trujillana, producto de la coyuntura que impuso el COVID-19 en las localidades de Sucre, San Rafael de Carvajal, Bocon\u00f3, Betijoque y Valera, donde se dise\u00f1aron y fabricaron m\u00e1s de 6 mil tapabocas.<\/span><\/p>\n<p style=\"text-align: justify;\"><span style=\"font-size: 18pt;\">En tal sentido, y para darle movilidad a la demanda, contin\u00faan los proyectos textiles que el Inces Trujillo se plante\u00f3 en alianza con la gobernaci\u00f3n del estado. Estas brigadas realizan actualmente varios proyectos con el dise\u00f1o y fabricaci\u00f3n de pijamas para beb\u00e9s reci\u00e9n nacidos, a solicitud de la gente que conforma el proyecto de parto humanizado.<\/span><\/p>\n<p><img loading=\"lazy\" decoding=\"async\" class=\"aligncenter wp-image-35123 size-full\" src=\"https:\/\/inces.gob.ve\/wp-content\/uploads\/2020\/06\/ropa_bebe_inces_trujillo.jpg\" alt=\"\" width=\"700\" height=\"467\" srcset=\"https:\/\/inces.gob.ve\/wp-content\/uploads\/2020\/06\/ropa_bebe_inces_trujillo.jpg 700w, https:\/\/inces.gob.ve\/wp-content\/uploads\/2020\/06\/ropa_bebe_inces_trujillo-300x200.jpg 300w\" sizes=\"auto, (max-width: 700px) 100vw, 700px\" \/><\/p>\n<p style=\"text-align: justify;\"><span style=\"font-size: 18pt;\">En tal sentido, Ang\u00e9lica Mor\u00f3n Aldana, gerente regional de la instituci\u00f3n educativa, explic\u00f3 que se aprovecharon los 32 millones de bol\u00edvares que la gobernaci\u00f3n del estado entreg\u00f3 antes de la pandemia y se pudo fabricar y entregar cerca de 220 pijamas para beb\u00e9s, y desde el Inces, con recursos propios, se han fabricado a la fecha 750 pijamas, con lo cual se han apoyado a varias instituciones y comunidades.<\/span><\/p>\n<p style=\"text-align: justify;\"><span style=\"font-size: 18pt;\">Entre ellos mencionamos al Seguro Social de La Beatriz, Ministerio de la Mujer e Igualdad de G\u00e9nero, Comit\u00e9 Multifamiliar Muralla II, alcald\u00edas de Betijoque y Escuque, Zona Educativa de Trujillo, Consejo Legislativo del Estado para apoyar a las familias damnificadas del municipio <strong>Urdaneta,<\/strong> familias vulnerables del sector Conucos de La Paz, as\u00ed como a madres vulnerables que se acercan al Inces Trujillo solicitando apoyo.<\/span><\/p>\n<p><img loading=\"lazy\" decoding=\"async\" class=\"aligncenter wp-image-35125 size-full\" src=\"https:\/\/inces.gob.ve\/wp-content\/uploads\/2020\/06\/tapabocas_trujillo_.jpg\" alt=\"\" width=\"750\" height=\"515\" srcset=\"https:\/\/inces.gob.ve\/wp-content\/uploads\/2020\/06\/tapabocas_trujillo_.jpg 750w, https:\/\/inces.gob.ve\/wp-content\/uploads\/2020\/06\/tapabocas_trujillo_-300x206.jpg 300w\" sizes=\"auto, (max-width: 750px) 100vw, 750px\" \/><\/p>\n<p style=\"text-align: justify;\"><span style=\"font-size: 18pt;\">Esta experiencia, en palabras de la gerente regional, permite tributar al trabajo y a los planes postpandemia que el gobernador del estado, Henry Rangel Silva, tiene para la entidad, as\u00ed mismo, permite ratificar el compromiso del ente con las comunidades en momentos cuando la matriz de opini\u00f3n opositora es la de sembrar el caos y desasosiego en momentos tan dif\u00edciles para la humanidad.<\/span><\/p>\n<p style=\"text-align: justify;\">\n","protected":false},"excerpt":{"rendered":"<p>** En las localidades de Sucre, San Rafael de Carvajal, Bocon\u00f3, Betijoque y Valera se dise\u00f1aron y fabricaron m\u00e1s de 6 mil tapabocas<\/p>\n","protected":false},"author":4,"featured_media":35124,"comment_status":"closed","ping_status":"closed","sticky":false,"template":"","format":"standard","meta":{"footnotes":""},"categories":[2],"tags":[138,78],"class_list":["post-35122","post","type-post","status-publish","format-standard","has-post-thumbnail","hentry","category-blog","tag-tapaboca","tag-trujillo"],"_links":{"self":[{"href":"https:\/\/inces.gob.ve\/index.php\/wp-json\/wp\/v2\/posts\/35122","targetHints":{"allow":["GET"]}}],"collection":[{"href":"https:\/\/inces.gob.ve\/index.php\/wp-json\/wp\/v2\/posts"}],"about":[{"href":"https:\/\/inces.gob.ve\/index.php\/wp-json\/wp\/v2\/types\/post"}],"author":[{"embeddable":true,"href":"https:\/\/inces.gob.ve\/index.php\/wp-json\/wp\/v2\/users\/4"}],"replies":[{"embeddable":true,"href":"https:\/\/inces.gob.ve\/index.php\/wp-json\/wp\/v2\/comments?post=35122"}],"version-history":[{"count":3,"href":"https:\/\/inces.gob.ve\/index.php\/wp-json\/wp\/v2\/posts\/35122\/revisions"}],"predecessor-version":[{"id":35164,"href":"https:\/\/inces.gob.ve\/index.php\/wp-json\/wp\/v2\/posts\/35122\/revisions\/35164"}],"wp:featuredmedia":[{"embeddable":true,"href":"https:\/\/inces.gob.ve\/index.php\/wp-json\/wp\/v2\/media\/35124"}],"wp:attachment":[{"href":"https:\/\/inces.gob.ve\/index.php\/wp-json\/wp\/v2\/media?parent=35122"}],"wp:term":[{"taxonomy":"category","embeddable":true,"href":"https:\/\/inces.gob.ve\/index.php\/wp-json\/wp\/v2\/categories?post=35122"},{"taxonomy":"post_tag","embeddable":true,"href":"https:\/\/inces.gob.ve\/index.php\/wp-json\/wp\/v2\/tags?post=35122"}],"curies":[{"name":"wp","href":"https:\/\/api.w.org\/{rel}","templated":true}]}}