{"id":35207,"date":"2020-06-12T07:38:13","date_gmt":"2020-06-12T11:38:13","guid":{"rendered":"https:\/\/inces.gob.ve\/?p=35207"},"modified":"2020-06-12T07:38:13","modified_gmt":"2020-06-12T11:38:13","slug":"tachira-inces-sigue-fortaleciendo-al-motor-textil","status":"publish","type":"post","link":"https:\/\/inces.gob.ve\/index.php\/2020\/06\/12\/tachira-inces-sigue-fortaleciendo-al-motor-textil\/","title":{"rendered":"T\u00c1CHIRA | Inces sigue fortaleciendo al motor textil"},"content":{"rendered":"<p style=\"text-align: justify;\" align=\"left\"><em><span style=\"font-size: 18pt;\"><span style=\"font-family: Arial,serif;\"><span lang=\"es-ES\"><b>** <\/b><\/span><\/span><span style=\"font-family: Arial,serif;\"><span lang=\"es-ES\"><b>Las brigadas productivas trabajan para evitar la propagaci\u00f3n de la COVID -19<\/b><\/span><\/span><\/span><\/em><!--more--><\/p>\n<p align=\"left\">\n<p style=\"text-align: justify;\" align=\"left\"><span style=\"font-family: Arial,serif; font-size: 18pt;\"><span lang=\"es-ES\"><b>YOLIMA BOSC\u00c1N<\/b><\/span><\/span><\/p>\n<p style=\"text-align: justify;\" align=\"justify\"><span style=\"font-size: 18pt;\"><span style=\"font-family: Arial,serif;\"><span lang=\"es-ES\">El Inces, y <\/span><\/span><span style=\"font-family: Arial,serif;\"><span lang=\"es-ES\">en espec\u00edfico su<\/span><\/span><span style=\"font-family: Arial,serif;\"><span lang=\"es-ES\"> Gerencia Regional T\u00e1chira, impulsa <\/span><\/span><span style=\"font-family: Arial,serif;\"><span lang=\"es-ES\">a<\/span><\/span><span style=\"font-family: Arial,serif;\"><span lang=\"es-ES\">l Programa Textil, <\/span><\/span><span style=\"font-family: Arial,serif;\"><span lang=\"es-ES\">incorporando un n\u00famero importante de <\/span><\/span><span style=\"font-family: Arial,serif;\"><span lang=\"es-ES\">brigadas productivas, con el objetivo de seguir confeccionando tapabocas, as\u00ed como tambi\u00e9n indumentaria de cocina, <\/span><\/span><span style=\"font-family: Arial,serif;\"><span lang=\"es-ES\">piezas textiles que <\/span><\/span><span style=\"font-family: Arial,serif;\"><span lang=\"es-ES\">ser\u00e1n distribuid<\/span><\/span><span style=\"font-family: Arial,serif;\"><span lang=\"es-ES\">a<\/span><\/span><span style=\"font-family: Arial,serif;\"><span lang=\"es-ES\">s <\/span><\/span><span style=\"font-family: Arial,serif;\"><span lang=\"es-ES\">en toda la <\/span><\/span><span style=\"font-family: Arial,serif;\"><span lang=\"es-ES\">regi\u00f3n y <\/span><\/span><span style=\"font-family: Arial,serif;\"><span lang=\"es-ES\">su <\/span><\/span><span style=\"font-family: Arial,serif;\"><span lang=\"es-ES\">frontera.<\/span><\/span><\/span><\/p>\n<p align=\"justify\">\n<p align=\"justify\">\n<p style=\"text-align: justify;\" align=\"justify\"><span style=\"font-size: 18pt;\"><span style=\"font-family: Arial,serif;\"><span lang=\"es-ES\">Asimismo se establec<\/span><\/span><span style=\"font-family: Arial,serif;\"><span lang=\"es-ES\">ieron <\/span><\/span><span style=\"font-family: Arial,serif;\"><span lang=\"es-ES\">enlaces con el Gabinete Social del protectorado del estado, Zona Educativa T\u00e1chira y la <\/span><\/span><span style=\"font-family: Arial,serif;\"><span lang=\"es-ES\">S<\/span><\/span><span style=\"font-family: Arial,serif;\"><span lang=\"es-ES\">ecretar<\/span><\/span><span style=\"font-family: Arial,serif;\"><span lang=\"es-ES\">\u00ed<\/span><\/span><span style=\"font-family: Arial,serif;\"><span lang=\"es-ES\">a del <\/span><\/span><span style=\"font-family: Arial,serif;\"><span lang=\"es-ES\">P<\/span><\/span><span style=\"font-family: Arial,serif;\"><span lang=\"es-ES\">artido <\/span><\/span><span style=\"font-family: Arial,serif;\"><span lang=\"es-ES\">Socialista U<\/span><\/span><span style=\"font-family: Arial,serif;\"><span lang=\"es-ES\">nido de Venezuela (PSUV), llevando atenci\u00f3n integral a todos y cada uno de nuestros connacionales, con el fin de prevenir la propagaci\u00f3n del COVID-19 en la entidad tachirense.<\/span><\/span><\/span><\/p>\n<p align=\"justify\">\n<p align=\"justify\">\n<p style=\"text-align: justify;\" align=\"justify\"><span style=\"font-size: 18pt;\"><span style=\"font-family: Arial,serif;\"><span lang=\"es-ES\">El gerente regional, Geovanni Gonz\u00e1lez, siguiendo las orientaciones de<\/span><\/span><span style=\"font-family: Arial,serif;\"><span lang=\"es-ES\">l<\/span><\/span><span style=\"font-family: Arial,serif;\"><span lang=\"es-ES\"> presidente del Inces, Wuilkeman <\/span><\/span><span style=\"font-family: Arial,serif;\"><span lang=\"es-ES\">A<\/span><\/span><span style=\"font-family: Arial,serif;\"><span lang=\"es-ES\">ngel Paredes, en el marco de la prevenci\u00f3n de la pandemia, articula con los centros de formaci\u00f3n (CFIS) Textil Paramillo y Francisco de Miranda, para la elaboraci\u00f3n y confecci\u00f3n de la nueva vestimenta de cocina (<\/span><\/span><span style=\"font-family: Arial,serif;\"><span lang=\"es-ES\">d<\/span><\/span><span style=\"font-family: Arial,serif;\"><span lang=\"es-ES\">elantal, <\/span><\/span><span style=\"font-family: Arial,serif;\"><span lang=\"es-ES\">g<\/span><\/span><span style=\"font-family: Arial,serif;\"><span lang=\"es-ES\">orro y <\/span><\/span><span style=\"font-family: Arial,serif;\"><span lang=\"es-ES\">t<\/span><\/span><span style=\"font-family: Arial,serif;\"><span lang=\"es-ES\">apabocas) que ser\u00e1n entregados a las madres laboradoras que brindan los alimentos a los compatriotas que habitan en los P<\/span><\/span><span style=\"font-family: Arial,serif;\"><span lang=\"es-ES\">untos de <\/span><\/span><span style=\"font-family: Arial,serif;\"><span lang=\"es-ES\">A<\/span><\/span><span style=\"font-family: Arial,serif;\"><span lang=\"es-ES\">tenci\u00f3n <\/span><\/span><span style=\"font-family: Arial,serif;\"><span lang=\"es-ES\">S<\/span><\/span><span style=\"font-family: Arial,serif;\"><span lang=\"es-ES\">ocial <\/span><\/span><span style=\"font-family: Arial,serif;\"><span lang=\"es-ES\">I<\/span><\/span><span style=\"font-family: Arial,serif;\"><span lang=\"es-ES\">ntegral<\/span><\/span><span style=\"font-family: Arial,serif;\"><span lang=\"es-ES\">.<\/span><\/span><\/span><\/p>\n<p align=\"justify\">\n<p align=\"justify\">\n<p style=\"text-align: justify;\" align=\"justify\"><span style=\"font-size: 18pt;\"><span style=\"font-family: Arial,serif;\"><span lang=\"es-ES\">Para la fecha, se han distribuido un total de 30 mil tapabocas para la prevenci\u00f3n del <\/span><\/span><span style=\"font-family: Arial,serif;\"><span lang=\"es-ES\">COVID<\/span><\/span><span style=\"font-family: Arial,serif;\"><span lang=\"es-ES\">-19. <\/span><\/span><span style=\"font-family: Arial,serif;\"><span lang=\"es-ES\">\u201c<\/span><\/span><span style=\"font-family: Arial,serif;\"><span lang=\"es-ES\">L<\/span><\/span><span style=\"color: #00000a;\"><span style=\"font-family: Arial,serif;\"><span lang=\"es-ES\">as brigadas se encuentran conformadas por nuestros maestros y participantes voluntarios. <\/span><\/span><\/span><span style=\"color: #00000a;\"><span style=\"font-family: Arial,serif;\"><span lang=\"es-ES\">H<\/span><\/span><\/span><span style=\"color: #00000a;\"><span style=\"font-family: Arial,serif;\"><span lang=\"es-ES\">emos atendido <\/span><\/span><\/span><span style=\"color: #00000a;\"><span style=\"font-family: Arial,serif;\"><span lang=\"es-ES\">cerca de <\/span><\/span><\/span><span style=\"color: #00000a;\"><span style=\"font-family: Arial,serif;\"><span lang=\"es-ES\">80 instituciones y diversas comunidades del estado <\/span><\/span><\/span><span style=\"color: #00000a;\"><span style=\"font-family: Arial,serif;\"><span lang=\"es-ES\">con<\/span><\/span><\/span><span style=\"color: #00000a;\"><span style=\"font-family: Arial,serif;\"><span lang=\"es-ES\"> la donaci\u00f3n de <\/span><\/span><\/span><span style=\"color: #00000a;\"><span style=\"font-family: Arial,serif;\"><span lang=\"es-ES\">mascarillas<\/span><\/span><\/span><span style=\"color: #00000a;\"><span style=\"font-family: Arial,serif;\"><span lang=\"es-ES\">\u201d, <\/span><\/span><\/span><span style=\"color: #00000a;\"><span style=\"font-family: Arial,serif;\"><span lang=\"es-ES\">a<\/span><\/span><\/span><span style=\"font-family: Arial,serif;\"><span lang=\"es-ES\">cot\u00f3 <\/span><\/span><span style=\"font-family: Arial,serif;\"><span lang=\"es-ES\">el gerente regional.<\/span><\/span><\/span><\/p>\n<p align=\"justify\">\n<p align=\"justify\">\n<p style=\"text-align: justify;\" align=\"justify\"><span style=\"font-size: 18pt;\"><span style=\"font-family: Arial,serif;\"><span lang=\"es-ES\">Por otra parte, la jefa del <\/span><\/span><span style=\"font-family: Arial,serif;\">centro de formaci\u00f3n industrial socialista (CFIS) Textil Paramillo , <\/span><span style=\"font-family: Arial,serif;\"><span lang=\"es-ES\">Carmen de Larios, manife<\/span><\/span><span style=\"font-family: Arial,serif;\"><span lang=\"es-ES\">s<\/span><\/span><span style=\"font-family: Arial,serif;\"><span lang=\"es-ES\">t\u00f3<\/span><\/span><span style=\"font-family: Arial,serif;\"><span lang=\"es-ES\"> la importancia de la conformaci\u00f3n de las brigadas productivas, ya que han sido la punta de lanza de esta excelente labor, en donde <\/span><\/span><span style=\"font-family: Arial,serif;\"><span lang=\"es-ES\">fueron beneficiadas <\/span><\/span><span style=\"font-family: Arial,serif;\"><span lang=\"es-ES\">m\u00e1s de 80 instituciones p\u00fablicas y privadas del estado. Aunado a esto, resalta la calidad del trabajo que ha venido contribuyendo con la regi\u00f3n y con el pa\u00ed<\/span><\/span><span style=\"font-family: Arial,serif;\"><span lang=\"es-ES\">s. <\/span><\/span><span style=\"font-family: Arial,serif;\"><span lang=\"es-ES\">\u201cSe\u00f1or presidente, aqu\u00ed estamos las mujeres guerreras del T\u00e1chira, quienes nos sentimos orgullosas de ser parte de esta <\/span><\/span><span style=\"font-family: Arial,serif;\"><span lang=\"es-ES\">g<\/span><\/span><span style=\"font-family: Arial,serif;\"><span lang=\"es-ES\">ran familia: Inces\u201d.<\/span><\/span><\/span><\/p>\n<p align=\"justify\">\n<p align=\"justify\">\n<p style=\"text-align: justify;\" align=\"justify\"><span style=\"font-size: 18pt;\"><span style=\"font-family: Arial,serif;\"><span lang=\"es-ES\">Para finalizar, la autoridad regional h<\/span><\/span><span style=\"font-family: Arial,serif;\"><span lang=\"es-ES\">izo<\/span><\/span><span style=\"font-family: Arial,serif;\"><span lang=\"es-ES\"> un llamado a la colectividad tachirense \u201ca quedarse en casa y tomar todas las prev<\/span><\/span><span style=\"font-family: Arial,serif;\"><span lang=\"es-ES\">enciones <\/span><\/span><span style=\"font-family: Arial,serif;\"><span lang=\"es-ES\">necesarias para combatir y vencer <\/span><\/span><span style=\"font-family: Arial,serif;\"><span lang=\"es-ES\">el coronavirus;<\/span><\/span><span style=\"font-family: Arial,serif;\"><span lang=\"es-ES\"> as\u00ed <\/span><\/span><span style=\"font-family: Arial,serif;\"><span lang=\"es-ES\">se <\/span><\/span><span style=\"font-family: Arial,serif;\"><span lang=\"es-ES\">contribuye con la Patria\u201d. <\/span><\/span><\/span><\/p>\n<p lang=\"es-ES\" style=\"text-align: justify;\" align=\"justify\">\n","protected":false},"excerpt":{"rendered":"<p>** Las brigadas productivas trabajan para evitar la propagaci\u00f3n de la COVID -19<\/p>\n","protected":false},"author":4,"featured_media":35208,"comment_status":"closed","ping_status":"closed","sticky":false,"template":"","format":"standard","meta":{"footnotes":""},"categories":[2],"tags":[171,183,88,138],"class_list":["post-35207","post","type-post","status-publish","format-standard","has-post-thumbnail","hentry","category-blog","tag-brigadasproductivas","tag-motortextil","tag-tachira","tag-tapaboca"],"_links":{"self":[{"href":"https:\/\/inces.gob.ve\/index.php\/wp-json\/wp\/v2\/posts\/35207","targetHints":{"allow":["GET"]}}],"collection":[{"href":"https:\/\/inces.gob.ve\/index.php\/wp-json\/wp\/v2\/posts"}],"about":[{"href":"https:\/\/inces.gob.ve\/index.php\/wp-json\/wp\/v2\/types\/post"}],"author":[{"embeddable":true,"href":"https:\/\/inces.gob.ve\/index.php\/wp-json\/wp\/v2\/users\/4"}],"replies":[{"embeddable":true,"href":"https:\/\/inces.gob.ve\/index.php\/wp-json\/wp\/v2\/comments?post=35207"}],"version-history":[{"count":1,"href":"https:\/\/inces.gob.ve\/index.php\/wp-json\/wp\/v2\/posts\/35207\/revisions"}],"predecessor-version":[{"id":35209,"href":"https:\/\/inces.gob.ve\/index.php\/wp-json\/wp\/v2\/posts\/35207\/revisions\/35209"}],"wp:featuredmedia":[{"embeddable":true,"href":"https:\/\/inces.gob.ve\/index.php\/wp-json\/wp\/v2\/media\/35208"}],"wp:attachment":[{"href":"https:\/\/inces.gob.ve\/index.php\/wp-json\/wp\/v2\/media?parent=35207"}],"wp:term":[{"taxonomy":"category","embeddable":true,"href":"https:\/\/inces.gob.ve\/index.php\/wp-json\/wp\/v2\/categories?post=35207"},{"taxonomy":"post_tag","embeddable":true,"href":"https:\/\/inces.gob.ve\/index.php\/wp-json\/wp\/v2\/tags?post=35207"}],"curies":[{"name":"wp","href":"https:\/\/api.w.org\/{rel}","templated":true}]}}