{"id":35216,"date":"2020-06-14T09:09:18","date_gmt":"2020-06-14T13:09:18","guid":{"rendered":"https:\/\/inces.gob.ve\/?p=35216"},"modified":"2020-06-14T09:16:23","modified_gmt":"2020-06-14T13:16:23","slug":"ernesto-che-guevara","status":"publish","type":"post","link":"https:\/\/inces.gob.ve\/index.php\/2020\/06\/14\/ernesto-che-guevara\/","title":{"rendered":"Ernesto \u00abChe\u00bb Guevara"},"content":{"rendered":"<div class=\"subtitle\" style=\"text-align: left;\">Destacamos los aspectos m\u00e1s importantes de la vida del Che Guevara, como pensador, pol\u00edtico, m\u00e9dico y luchador por la reivindicaci\u00f3n de los pobres<\/div>\n<p><!--more--><\/p>\n<div class=\"txt_newworld\">\n<p>Nacido el 14 de junio de 1928 en Rosario, Argentina, hijo de Ernesto Guevara y Celia de la Serna,&nbsp;el \u00abChe\u00bb, eligi\u00f3 un camino distinto al que muchos podr\u00edan imaginar para \u00e9l dada su privilegiada posici\u00f3n econ\u00f3mica.<\/p>\n<p>Pudo ser abogado&nbsp;pero se interes\u00f3 por la medicina y por la pol\u00edtica. La Guerra Civil espa\u00f1ola lo puso en contacto con la realidad pol\u00edtica y social del mundo y un recorrido de 4 mil 500 kil\u00f3metros por las regiones m\u00e1s pobres de Argentina le abri\u00f3 los ojos ante la desigualdad.<\/p>\n<p>La medicina fue el puente para alcanzar lo que ser\u00eda su destino: hacer la revoluci\u00f3n para lograr un cambio social en Am\u00e9rica Latina. Pero el periodismo lo acompa\u00f1\u00f3 durante toda su vida, incluso durante sus largos d\u00edas de lucha en la Sierra Maestra, en Cuba.<\/p>\n<p>Cultiv\u00f3 un gran amor por la literatura y la poes\u00eda, de hecho, en&nbsp;sus labores como&nbsp;periodista para agencias de noticias, siempre estuvo dispuesto a dejar apuntes de su realidad, no solo en lo pol\u00edtico sino tambi\u00e9n en los deportes y la cultura.<\/p>\n<p>A 50 a\u00f1os de su asesinato en Bolivia, recordamos los&nbsp;aspectos m\u00e1s importantes de&nbsp;la vida del Che Guevara:<\/p>\n<p><strong>La revoluci\u00f3n necesaria<\/strong><\/p>\n<hr>\n<p>En sus numerosos viajes por Am\u00e9rica Latina recogi\u00f3 los deseos de cambio y de justicia de los pueblos oprimidos.&nbsp;\u00abEse vagar sin rumbo por nuestra May\u00fascula Am\u00e9rica me ha cambiado m\u00e1s de lo que cre\u00ed\u00bb, relat\u00f3 en una de las cr\u00f3nicas posteriores a su segundo viaje.<\/p>\n<p>El Che ve\u00eda la injusticia. Era un marxista autodidacta que luch\u00f3 por el socialismo para reemplazar al capitalismo.&nbsp;\u00abEl deber de todo revolucionario es hacer la revoluci\u00f3n\u00bb. Es el \u00edcono de la izquierda en Am\u00e9rica Latina y el mundo, rechaz\u00f3&nbsp;las injusticias y la rebeld\u00eda ante un sistema que generaba y a\u00fan genera profundas desigualdades sociales.<\/p>\n<div id=\"lightbox\" class=\"lightbox\">\n<div class=\"txt_newworld\">\n<p>En 1955, durante un viaje a M\u00e9xico conoci\u00f3 a los hermanos Fidel y Ra\u00fal Castro y se enlist\u00f3 como m\u00e9dico en la que ser\u00eda la expedici\u00f3n Granma, que llevar\u00eda a un grupo de guerrilleros a luchar contra el r\u00e9gimen de Fulgencio Batista en Cuba.<\/p>\n<p>Con ellos se enfrent\u00f3 a la dictadura cubana y al vencer, la Revoluci\u00f3n le otorg\u00f3 la nacionalidad cubana, permiti\u00e9ndole participar hasta 1965 en la organizaci\u00f3n del Estado cubano, promoviendo importantes reformas pol\u00edticas y sociales.<\/p>\n<p>Pero la convicci\u00f3n de que la lucha armada era eficaz lo llev\u00f3 por pa\u00edses como el Congo y Bolivia donde apoy\u00f3 los movimientos insurreccionales con la idea de lograr lo mismo que hab\u00eda logrado en Cuba.<\/p>\n<p><strong>La huella imborrable<\/strong><\/p>\n<hr>\n<p>El Che es&nbsp;un s\u00edmbolo de la lucha armada contra el imperialismo, esto se convirti\u00f3 en su legado pol\u00edtico por su influencia y participaci\u00f3n en los movimientos revolucionarios del mundo.<\/p>\n<p>Adverso a las pretensiones imperialistas de Estados Unidos, tom\u00f3 del marxismo y del comunismo los elementos necesarios para construir una identidad propia que tradujo en un movimiento fundamentado en la tesis de que&nbsp;<strong>no era&nbsp;necesario esperar a que las condiciones sociales&nbsp;produjeran&nbsp;una insurrecci\u00f3n popular, sino que una peque\u00f1a guerrilla era suficiente para crear las condiciones y desencadenar el alzamiento popular<\/strong>.<\/p>\n<p>El Che fue capturado y ejecutado de manera clandestina en Bolivia, por&nbsp;orden de la CIA, mientras impulsaba la instalaci\u00f3n de focos guerrilleros en el pa\u00eds&nbsp;suramericano&nbsp;el 9 de octubre de 1967. La muerte no fue suficiente para acabar con el&nbsp;respeto y admiraci\u00f3n por el l\u00edder revolucionario y&nbsp;su papel en la historia.<\/p>\n<p>A\u00fan despu\u00e9s de su muerte, el Che y sus ideas siguen vivos en los movimientos que reclaman un cambio en las estructuras de poder. Destacadas figuras del arte, la pol\u00edtica y el deporte y de diversas corrientes ideol\u00f3gicas como Jean Paul Sartre, Diego Armando Maradona, Carlos Santana, Gabriel Garc\u00eda M\u00e1rquez&nbsp;y el&nbsp;l\u00edder checheno Shamil Bas\u00e1yev&nbsp;forman parte de los&nbsp;personajes que se han identificado con su figura e&nbsp;ideales.<\/p>\n<p>El avance de los gobiernos progresistas en Am\u00e9rica Latina muestran que el ejemplo de&nbsp;hero\u00edsmo y honestidad de este revolucionario ha llegado a los j\u00f3venes, trabajadores y campesinos que luchan para lograr una sociedad de justicia social.<\/p>\n<\/div>\n<\/div>\n<\/div>\n<div class=\"amp-share\"><\/div>\n<div><\/div>\n<div><\/div>\n<div><\/div>\n<div>Fuente Telesur<\/div>\n","protected":false},"excerpt":{"rendered":"<p>Destacamos los aspectos m\u00e1s importantes de la vida del Che Guevara, como pensador, pol\u00edtico, m\u00e9dico y luchador por la reivindicaci\u00f3n de los pobres<\/p>\n","protected":false},"author":4,"featured_media":35218,"comment_status":"closed","ping_status":"closed","sticky":false,"template":"","format":"standard","meta":{"footnotes":""},"categories":[2],"tags":[144],"class_list":["post-35216","post","type-post","status-publish","format-standard","has-post-thumbnail","hentry","category-blog","tag-efemerides"],"_links":{"self":[{"href":"https:\/\/inces.gob.ve\/index.php\/wp-json\/wp\/v2\/posts\/35216","targetHints":{"allow":["GET"]}}],"collection":[{"href":"https:\/\/inces.gob.ve\/index.php\/wp-json\/wp\/v2\/posts"}],"about":[{"href":"https:\/\/inces.gob.ve\/index.php\/wp-json\/wp\/v2\/types\/post"}],"author":[{"embeddable":true,"href":"https:\/\/inces.gob.ve\/index.php\/wp-json\/wp\/v2\/users\/4"}],"replies":[{"embeddable":true,"href":"https:\/\/inces.gob.ve\/index.php\/wp-json\/wp\/v2\/comments?post=35216"}],"version-history":[{"count":3,"href":"https:\/\/inces.gob.ve\/index.php\/wp-json\/wp\/v2\/posts\/35216\/revisions"}],"predecessor-version":[{"id":35223,"href":"https:\/\/inces.gob.ve\/index.php\/wp-json\/wp\/v2\/posts\/35216\/revisions\/35223"}],"wp:featuredmedia":[{"embeddable":true,"href":"https:\/\/inces.gob.ve\/index.php\/wp-json\/wp\/v2\/media\/35218"}],"wp:attachment":[{"href":"https:\/\/inces.gob.ve\/index.php\/wp-json\/wp\/v2\/media?parent=35216"}],"wp:term":[{"taxonomy":"category","embeddable":true,"href":"https:\/\/inces.gob.ve\/index.php\/wp-json\/wp\/v2\/categories?post=35216"},{"taxonomy":"post_tag","embeddable":true,"href":"https:\/\/inces.gob.ve\/index.php\/wp-json\/wp\/v2\/tags?post=35216"}],"curies":[{"name":"wp","href":"https:\/\/api.w.org\/{rel}","templated":true}]}}