{"id":35228,"date":"2020-06-15T10:30:40","date_gmt":"2020-06-15T14:30:40","guid":{"rendered":"https:\/\/inces.gob.ve\/?p=35228"},"modified":"2020-06-15T10:30:40","modified_gmt":"2020-06-15T14:30:40","slug":"coro-falconianos-obtienen-aprendizajes-en-el-area-de-refrigeracion","status":"publish","type":"post","link":"https:\/\/inces.gob.ve\/index.php\/2020\/06\/15\/coro-falconianos-obtienen-aprendizajes-en-el-area-de-refrigeracion\/","title":{"rendered":"CORO | Falconianos obtienen aprendizajes en el \u00e1rea de refrigeraci\u00f3n"},"content":{"rendered":"<p style=\"text-align: justify;\" align=\"center\"><em><strong>** La Formaci\u00f3n Profesional del Inces en Falc\u00f3n se adapta a la \u00e9poca de aislamiento preventivo y presenta a las comunidades y a la clase trabajadora opciones formativas que pueden desarrollar a distancia<\/strong><\/em><!--more--><\/p>\n<p style=\"text-align: justify;\" align=\"center\"><u><\/u>\u00a0<u><\/u><\/p>\n<h3 style=\"text-align: justify;\" align=\"center\"><u><\/u>\u00a0<u><\/u><b><span lang=\"ES\">MIRIAM GONZ\u00c1LEZ VILLARROEL<\/span><\/b><\/h3>\n<p style=\"text-align: justify;\">La etapa de distanciamiento social, no ha sido impedimento para avanzar en los procesos formativos bajo la modalidad a distancia que ofrece Programas M\u00f3viles del Instituto Nacional de Capacitaci\u00f3n y Educaci\u00f3n Socialista (Inces) en Falc\u00f3n, el cual est\u00e1 dando respuesta a un grupo de personas de los sectores San Jos\u00e9 y del Parcelamiento Andara en Coro, quienes solicitaron el curso: Refrigeraci\u00f3n y Aires Acondicionados, con una duraci\u00f3n de 236 horas de aprendizajes que est\u00e1n siendo dirigidos por el maestro t\u00e9cnico productivo (MTP) Freddy D\u2019Le\u00f3n Colina, quien otorga a los participantes las herramientas necesarias para emprender en este oficio \u00a0que impulsa el motor industrial.<\/p>\n<p style=\"text-align: justify;\"><u><\/u>\u00a0<u><\/u><\/p>\n<p style=\"text-align: justify;\">Explic\u00f3 el MTP D\u2019Le\u00f3n, que durante el proceso de aprendizaje los participantes est\u00e1n recibiendo las orientaciones v\u00eda correo electr\u00f3nico y por WhatsApp: los participantes se han dividido en dos grupos y una vez por semana realizan las pr\u00e1cticas de forma presencial, tomando en cuenta las medidas preventivas y de seguridad por el coronavirus.<\/p>\n<p style=\"text-align: justify;\"><u><\/u>\u00a0<u><\/u><\/p>\n<p style=\"text-align: justify;\">Precis\u00f3, D\u2019Le\u00f3n, los participantes en este proceso de ense\u00f1anza aprendizaje obtienen conocimientos sobre electricidad y refrigeraci\u00f3n en general, controles el\u00e9ctricos de equipos industriales, refrigeraci\u00f3n para cavas y sobre refrigeraci\u00f3n dom\u00e9stica, dirigida a reparaciones de aires acondicionados y neveras residenciales.<\/p>\n<p style=\"text-align: justify;\"><u><\/u>\u00a0<u><\/u><\/p>\n<p style=\"text-align: justify;\">Tambi\u00e9n coment\u00f3 el MTP, los 13 participantes, aprenden sobre el funcionamiento de los compresores, embobinado interno, arranque, terminal y marcha; partes esenciales como el compresor, el condensador, la v\u00e1lvula de expansi\u00f3n y el evaporador; capacitores, ciclo mec\u00e1nico de la refrigeraci\u00f3n y principios termodin\u00e1micos, entre otros.<\/p>\n<p style=\"text-align: justify;\"><u><\/u>\u00a0<u><\/u><\/p>\n<p style=\"text-align: justify;\">Importante se\u00f1alar, coment\u00f3 el MTP que los participantes est\u00e1n realizando las pr\u00e1cticas en funci\u00f3n de rescatar equipos de refrigeraci\u00f3n como neveras, fr\u00edzer y aires acondicionados, de los participantes y familiares, as\u00ed como tambi\u00e9n mantenimientos de los equipos; dichas acciones se extender\u00e1n en funci\u00f3n de las medidas de flexibilizaci\u00f3n a las comunidades. \u201cla refrigeraci\u00f3n es uno de los sectores productivos m\u00e1s demandados actualmente y cada d\u00eda los falconianos se muestran m\u00e1s interesados en aprender este oficio para utilizar productivamente el tiempo\u201d.<\/p>\n<p style=\"text-align: justify;\">\n<p style=\"text-align: justify;\">Finalmente\u00a0 la gerente regional, Eneyda Mart\u00ednez, indic\u00f3: \u201cEl Inces en esta etapa de alarma nacional, donde el llamado es a quedarse en casa para evitar la propagaci\u00f3n del COVID-19, se adapta a las necesidades que tienen las comunidades y las empresas; la Formaci\u00f3n Profesional no se ha detenido y estamos adapt\u00e1ndonos y vali\u00e9ndonos de toda la tecnolog\u00eda que tenemos a mano, como ha sido el llamado del Ministerio de Educaci\u00f3n y no detener los procesos de aprendizaje\u201d.<\/p>\n","protected":false},"excerpt":{"rendered":"<p>** La Formaci\u00f3n Profesional del Inces en Falc\u00f3n se adapta a la \u00e9poca de aislamiento preventivo y presenta a las comunidades y a la clase trabajadora opciones formativas que pueden desarrollar a distancia<\/p>\n","protected":false},"author":4,"featured_media":35229,"comment_status":"closed","ping_status":"closed","sticky":false,"template":"","format":"standard","meta":{"footnotes":""},"categories":[2],"tags":[81],"class_list":["post-35228","post","type-post","status-publish","format-standard","has-post-thumbnail","hentry","category-blog","tag-falcon"],"_links":{"self":[{"href":"https:\/\/inces.gob.ve\/index.php\/wp-json\/wp\/v2\/posts\/35228","targetHints":{"allow":["GET"]}}],"collection":[{"href":"https:\/\/inces.gob.ve\/index.php\/wp-json\/wp\/v2\/posts"}],"about":[{"href":"https:\/\/inces.gob.ve\/index.php\/wp-json\/wp\/v2\/types\/post"}],"author":[{"embeddable":true,"href":"https:\/\/inces.gob.ve\/index.php\/wp-json\/wp\/v2\/users\/4"}],"replies":[{"embeddable":true,"href":"https:\/\/inces.gob.ve\/index.php\/wp-json\/wp\/v2\/comments?post=35228"}],"version-history":[{"count":1,"href":"https:\/\/inces.gob.ve\/index.php\/wp-json\/wp\/v2\/posts\/35228\/revisions"}],"predecessor-version":[{"id":35230,"href":"https:\/\/inces.gob.ve\/index.php\/wp-json\/wp\/v2\/posts\/35228\/revisions\/35230"}],"wp:featuredmedia":[{"embeddable":true,"href":"https:\/\/inces.gob.ve\/index.php\/wp-json\/wp\/v2\/media\/35229"}],"wp:attachment":[{"href":"https:\/\/inces.gob.ve\/index.php\/wp-json\/wp\/v2\/media?parent=35228"}],"wp:term":[{"taxonomy":"category","embeddable":true,"href":"https:\/\/inces.gob.ve\/index.php\/wp-json\/wp\/v2\/categories?post=35228"},{"taxonomy":"post_tag","embeddable":true,"href":"https:\/\/inces.gob.ve\/index.php\/wp-json\/wp\/v2\/tags?post=35228"}],"curies":[{"name":"wp","href":"https:\/\/api.w.org\/{rel}","templated":true}]}}