{"id":35267,"date":"2020-07-03T07:12:50","date_gmt":"2020-07-03T11:12:50","guid":{"rendered":"https:\/\/inces.gob.ve\/?p=35267"},"modified":"2020-07-03T07:12:50","modified_gmt":"2020-07-03T11:12:50","slug":"trujillo-ministerio-de-educacion-efectuo-jornada-de-revision-en-el-inces","status":"publish","type":"post","link":"https:\/\/inces.gob.ve\/index.php\/2020\/07\/03\/trujillo-ministerio-de-educacion-efectuo-jornada-de-revision-en-el-inces\/","title":{"rendered":"TRUJILLO | Ministerio de Educaci\u00f3n efectu\u00f3 jornada de revisi\u00f3n en el Inces"},"content":{"rendered":"<p align=\"justify\"><span style=\"font-size: 14pt;\"><i><b>** Los <\/b><\/i><i><b>servidores p\u00fablicos <\/b><\/i><i><b>Jonathan Leal y Fransuly Rond<\/b><\/i><i><b>\u00f3<\/b><\/i><i><b>n explicaron que este tipo de acciones se efect\u00faan en <\/b><\/i><i><b>todos <\/b><\/i><i><b>los <\/b><\/i><i><b>ce<\/b><\/i><i><b>n<\/b><\/i><i><b>tros<\/b><\/i><i><b> educativos<\/b><\/i><\/span><!--more--><\/p>\n<p align=\"justify\"><span style=\"font-size: 14pt;\"><b>MAR\u00cdA CABRERA<\/b><\/span><\/p>\n<p align=\"justify\"><span style=\"font-size: 14pt;\">Autoridades del Ministerio del Poder Popular para la Educaci\u00f3n (ME) llevaron a cabo una jornada de revisi\u00f3n y verificaci\u00f3n de procesos administrativos, acad\u00e9micos y pedag\u00f3gicos en las instalaciones del centro de formaci\u00f3n socialista (CFS) \u201cBarbarita de La Torre\u201d del Inces Trujillo.<\/span><\/p>\n<p align=\"justify\">\n<p align=\"justify\"><span style=\"font-size: 14pt;\">Solimar Morillo, coordinadora de la citada unidad educativa, fue la encargada de liderar esta jornada que realizaron los representantes del ME. Durante el proceso, los servidores p\u00fablicos Jonathan Leal, supervisor del circuito 1 \u201cPedro Pablo Rivero\u201d y Fransuly Rond\u00f3n, comisionada para la firma de t\u00edtulos, junto a Solimar Morillo y las docentes del Inces Trujillo Cecilia Paredes y Karen Becerra se encargaron de efectuar el procedimiento tal como lo establece la ley.<\/span><\/p>\n<p align=\"justify\">\n<p align=\"justify\"><span style=\"font-size: 14pt;\">Leal y Rond\u00f3n explicaron que este tipo de acciones se efect\u00faan todos los planteles educativos dependientes del Ministerio y, por l\u00f3gica, la unidad educativa del Inces Trujillo no escapa de ese procedimiento.<\/span><\/p>\n<p align=\"justify\">\n<p align=\"justify\"><img loading=\"lazy\" decoding=\"async\" class=\"size-full wp-image-35269 aligncenter\" src=\"https:\/\/inces.gob.ve\/wp-content\/uploads\/2020\/07\/trujillo_unidad_educativa_bachilleto_inces2.jpg\" alt=\"\" width=\"750\" height=\"527\" \/><\/p>\n<p align=\"justify\"><span style=\"font-size: 14pt;\">.La revisi\u00f3n se hace a objeto de verificar la documentaci\u00f3n (expedientes y procesos administrativos) de los futuros graduandos, que en el caso de Inces Trujillo son 63 participantes para el periodo octubre \u2013 febrero y 82 para el lapso que va de marzo a julio.<\/span><\/p>\n<p align=\"justify\">\n<p align=\"justify\"><span style=\"font-size: 14pt;\">La coordinadora de la unidad educativa indic\u00f3 que el trabajo desplegado por los funcionarios del ME fue corroborar la marcha del sistema de gesti\u00f3n escolar, liquidaci\u00f3n, comprobar los datos filiatorios de los participantes, entre otros aspectos que integran la amplia estrategia en la cual se determina la direcci\u00f3n correcta de los estudiantes pr\u00f3ximos a obtener sus t\u00edtulos de bachiller.<\/span><\/p>\n<p align=\"justify\">\n<p align=\"justify\"><span style=\"font-size: 14pt;\">La representantes del Inces Trujillo agreg\u00f3 que con estas jornadas se facilita a las instituciones el otorgamiento de t\u00edtulos y certificaci\u00f3n de labor social la cual, entre otros aspectos, permite que el ciudadano pueda contribuir al desarrollo social de la naci\u00f3n tal como lo establece el art\u00edculo 13 de la Ley de Educaci\u00f3n en Venezuela.<\/span><\/p>\n","protected":false},"excerpt":{"rendered":"<p>** Los servidores p\u00fablicos Jonathan Leal y Fransuly Rond\u00f3n explicaron que este tipo de acciones se efect\u00faan en todos los centros educativos<\/p>\n","protected":false},"author":4,"featured_media":35269,"comment_status":"closed","ping_status":"closed","sticky":false,"template":"","format":"standard","meta":{"footnotes":""},"categories":[2],"tags":[139,147,78],"class_list":["post-35267","post","type-post","status-publish","format-standard","has-post-thumbnail","hentry","category-blog","tag-bachilleratoproductivo","tag-ministeriodeeducacion","tag-trujillo"],"_links":{"self":[{"href":"https:\/\/inces.gob.ve\/index.php\/wp-json\/wp\/v2\/posts\/35267","targetHints":{"allow":["GET"]}}],"collection":[{"href":"https:\/\/inces.gob.ve\/index.php\/wp-json\/wp\/v2\/posts"}],"about":[{"href":"https:\/\/inces.gob.ve\/index.php\/wp-json\/wp\/v2\/types\/post"}],"author":[{"embeddable":true,"href":"https:\/\/inces.gob.ve\/index.php\/wp-json\/wp\/v2\/users\/4"}],"replies":[{"embeddable":true,"href":"https:\/\/inces.gob.ve\/index.php\/wp-json\/wp\/v2\/comments?post=35267"}],"version-history":[{"count":1,"href":"https:\/\/inces.gob.ve\/index.php\/wp-json\/wp\/v2\/posts\/35267\/revisions"}],"predecessor-version":[{"id":35270,"href":"https:\/\/inces.gob.ve\/index.php\/wp-json\/wp\/v2\/posts\/35267\/revisions\/35270"}],"wp:featuredmedia":[{"embeddable":true,"href":"https:\/\/inces.gob.ve\/index.php\/wp-json\/wp\/v2\/media\/35269"}],"wp:attachment":[{"href":"https:\/\/inces.gob.ve\/index.php\/wp-json\/wp\/v2\/media?parent=35267"}],"wp:term":[{"taxonomy":"category","embeddable":true,"href":"https:\/\/inces.gob.ve\/index.php\/wp-json\/wp\/v2\/categories?post=35267"},{"taxonomy":"post_tag","embeddable":true,"href":"https:\/\/inces.gob.ve\/index.php\/wp-json\/wp\/v2\/tags?post=35267"}],"curies":[{"name":"wp","href":"https:\/\/api.w.org\/{rel}","templated":true}]}}