{"id":35279,"date":"2020-07-07T09:21:48","date_gmt":"2020-07-07T13:21:48","guid":{"rendered":"https:\/\/inces.gob.ve\/?p=35279"},"modified":"2020-07-07T09:21:48","modified_gmt":"2020-07-07T13:21:48","slug":"guarico-el-inces-formara-a-los-futuros-promotores-deportivos-comunales","status":"publish","type":"post","link":"https:\/\/inces.gob.ve\/index.php\/2020\/07\/07\/guarico-el-inces-formara-a-los-futuros-promotores-deportivos-comunales\/","title":{"rendered":"GU\u00c1RICO | El Inces formar\u00e1 a los futuros promotores deportivos comunales"},"content":{"rendered":"<p style=\"text-align: justify;\"><span style=\"font-size: 14pt;\"><em><b>**Prosiguen reuniones <\/b><b>de <\/b><b>planificaci\u00f3n ante la iniciativa articulada entre <\/b><b>el <\/b><b>Inces y <\/b><b>la <\/b><b>Zona Educativa Gu\u00e1rico, en la que se espera la incorporaci\u00f3n de l\u00edderes comunales y j\u00f3venes como participantes del curso intensivo de Promotores Deportivos Comunales a iniciar el mes de agosto<\/b><\/em><!--more--><\/span><\/p>\n<p>&nbsp;<\/p>\n<p><span style=\"font-size: 14pt;\"><b>MAR\u00cdA SANTIAGO<\/b><\/span><\/p>\n<p align=\"justify\"><span style=\"font-size: 14pt;\">En una reuni\u00f3n realizada en el centro de formaci\u00f3n socialista (CFS) San Juan de los Morros, la gerente regional del Inces,; Mar\u00eda Arisela Medina; la autoridad \u00fanica de educaci\u00f3n del estado Gu\u00e1rico; Jos\u00e9 Mu\u00f1oz; representantes de la Universidad del Magisterio (UNEM), Ministerio del por Popular para las Comunas y consejos comunales, consolidaron el plan para incorporar a j\u00f3venes y l\u00edderes comunales al curso intensivo para Promotores Deportivos Comunales que realizar\u00e1n aportes importantes a sus comunidades en medio de la lucha contra la COVID-19.<\/span><\/p>\n<p align=\"justify\">\n<p align=\"justify\"><span style=\"font-size: 14pt;\">En la mesa de trabajo los maestros Inces y facilitadores asignados a la tarea de formar a los participantes en los cursos, estuvieron de acuerdo en que la malla curricular debe estar centrada en brindar conocimientos y herramientas de manera integral para que estos l\u00edderes comunales sean emprendedores e innovadores con potencial para la organizaci\u00f3n y el refuerzo del tema liderazgo.<\/span><\/p>\n<p align=\"justify\">\n<p align=\"justify\"><span style=\"font-size: 14pt;\">La responsable de participaci\u00f3n comunal del Ministerio para las Comunas en el estado, Yrene Espejo, resalt\u00f3 la importancia de esta iniciativa en el contexto actual. \u00abEl objetivo principal del ministerio es que las comunas se empoderen del territorio y brindarles el apoyo para que utilicen las herramientas que tienen a favor de su comunidad. Por lo que formaciones como estas son necesarias y estamos complacidos de que las mismas se lleven a cabo en nuestras comunas\u00bb.<\/span><\/p>\n<p align=\"justify\">\n<p align=\"justify\"><span style=\"font-size: 14pt;\">Mientras, la jefa de formaci\u00f3n acad\u00e9mica de la Universidad del Magisterio (UNEM); Yusmira Cordero, se refiri\u00f3 al enfoque que debe tener esta iniciativa: \u00abHoy m\u00e1s que nunca debemos fortalecer lo sociocomunitario, lo socioproductivo y los socioeducativo. Empoderar y activar a las comunidades. Vamos a ser motivadores y ellos van a ser emprendedores en este proceso de cambio y transformaci\u00f3n.\u00bb<\/span><\/p>\n<p align=\"justify\">\n<p align=\"justify\"><span style=\"font-size: 14pt;\"> La gerente regional del Inces en el estado y el jefe de Zona Educativa estuvieron de acuerdo en que el empoderamiento y la organizaci\u00f3n son palabras claves para impulsar estas acciones formativas y que se necesita incorporar a los consejos comunales de la regi\u00f3n para que esta acci\u00f3n fortalezca al pueblo desde las bases, desde el seno del poder popular.<\/span><\/p>\n","protected":false},"excerpt":{"rendered":"<p>**Prosiguen reuniones de planificaci\u00f3n ante la iniciativa articulada entre el Inces y la Zona Educativa Gu\u00e1rico, en la que se espera la incorporaci\u00f3n de l\u00edderes comunales y j\u00f3venes como participantes del curso intensivo de Promotores Deportivos Comunales a iniciar el mes de agosto<\/p>\n","protected":false},"author":4,"featured_media":35280,"comment_status":"closed","ping_status":"closed","sticky":false,"template":"","format":"standard","meta":{"footnotes":""},"categories":[2],"tags":[98,187,182],"class_list":["post-35279","post","type-post","status-publish","format-standard","has-post-thumbnail","hentry","category-blog","tag-guarico","tag-promotoresdeportivos","tag-zonaeducativa"],"_links":{"self":[{"href":"https:\/\/inces.gob.ve\/index.php\/wp-json\/wp\/v2\/posts\/35279","targetHints":{"allow":["GET"]}}],"collection":[{"href":"https:\/\/inces.gob.ve\/index.php\/wp-json\/wp\/v2\/posts"}],"about":[{"href":"https:\/\/inces.gob.ve\/index.php\/wp-json\/wp\/v2\/types\/post"}],"author":[{"embeddable":true,"href":"https:\/\/inces.gob.ve\/index.php\/wp-json\/wp\/v2\/users\/4"}],"replies":[{"embeddable":true,"href":"https:\/\/inces.gob.ve\/index.php\/wp-json\/wp\/v2\/comments?post=35279"}],"version-history":[{"count":1,"href":"https:\/\/inces.gob.ve\/index.php\/wp-json\/wp\/v2\/posts\/35279\/revisions"}],"predecessor-version":[{"id":35281,"href":"https:\/\/inces.gob.ve\/index.php\/wp-json\/wp\/v2\/posts\/35279\/revisions\/35281"}],"wp:featuredmedia":[{"embeddable":true,"href":"https:\/\/inces.gob.ve\/index.php\/wp-json\/wp\/v2\/media\/35280"}],"wp:attachment":[{"href":"https:\/\/inces.gob.ve\/index.php\/wp-json\/wp\/v2\/media?parent=35279"}],"wp:term":[{"taxonomy":"category","embeddable":true,"href":"https:\/\/inces.gob.ve\/index.php\/wp-json\/wp\/v2\/categories?post=35279"},{"taxonomy":"post_tag","embeddable":true,"href":"https:\/\/inces.gob.ve\/index.php\/wp-json\/wp\/v2\/tags?post=35279"}],"curies":[{"name":"wp","href":"https:\/\/api.w.org\/{rel}","templated":true}]}}