{"id":35334,"date":"2020-07-10T09:25:04","date_gmt":"2020-07-10T13:25:04","guid":{"rendered":"https:\/\/inces.gob.ve\/?p=35334"},"modified":"2020-07-10T09:24:16","modified_gmt":"2020-07-10T13:24:16","slug":"celebramos-94-anos-del-natalicio-de-argelia-laya","status":"publish","type":"post","link":"https:\/\/inces.gob.ve\/index.php\/2020\/07\/10\/celebramos-94-anos-del-natalicio-de-argelia-laya\/","title":{"rendered":"Celebramos 94 a\u00f1os del natalicio de Argelia Laya"},"content":{"rendered":"<p align=\"justify\"><i><span style=\"font-family: Arial, serif;\"><span style=\"font-size: medium;\"><b>** \u201cLucharemos por nuestros derechos y los de nuestra patria, porque el problema de la igualdad de la mujer es el problema de la liberaci\u00f3n de los pueblos\u201d<\/b><\/span><\/span><\/i><!--more--><\/p>\n<p align=\"justify\"><span style=\"font-family: Arial, serif;\"><span style=\"font-size: medium;\"><b>ROD\u00cdN BUSTILLOS<\/b><\/span><\/span><\/p>\n<p align=\"justify\"><span style=\"font-family: Arial, serif;\"><span style=\"font-size: medium;\">Hoy celebramos el natalicio de una de las dirigentes revolucionarias m\u00e1s influyentes del siglo XX, Argelia Laya. Digna representante de la mujer afrodescendiente que dedic\u00f3 toda su vida a la lucha por los derechos de las mujeres.<\/span><\/span><\/p>\n<p align=\"justify\">\n<p align=\"justify\"><span style=\"font-family: Arial, serif;\"><span style=\"font-size: medium;\">Naci\u00f3 en R\u00edo Chico, estado Miranda, el 10 de julio de 1926, en una hacienda de cacao. Sus padres fueron Rosario L\u00f3pez y Pedro Mar\u00eda Laya, de quienes aprendi\u00f3 a defender la condici\u00f3n de ser mujeres y de ser negros. <\/span><\/span><\/p>\n<p align=\"justify\">\n<p align=\"justify\"><span style=\"font-family: Arial, serif;\"><span style=\"font-size: medium;\">Laya tambi\u00e9n era conocida como la Comandante Jacinta, estaba orgullosa de su afrodescendencia y es el ejemplo m\u00e1s alto de la participaci\u00f3n de la mujer venezolana en el campo de la pol\u00edtica contempor\u00e1nea.<\/span><\/span><\/p>\n<p align=\"justify\">\n<p align=\"justify\"><span style=\"font-family: Arial, serif;\"><span style=\"font-size: medium;\">Fue docente, luchadora social y fil\u00f3sofa, considerada como una de las mujeres m\u00e1s importantes de la historia de Venezuela. Particip\u00f3 en el programa \u201cEducando para la Igualdad\u201d, mediante el cual se implement\u00f3 una educaci\u00f3n que elimin\u00f3 el sexismo en el proceso educativo. Se desempe\u00f1\u00f3 en movimientos y organizaciones por los derechos humanos de las mujeres negras, ind\u00edgenas y con discapacidad.<\/span><\/span><\/p>\n<p align=\"justify\">\n<p align=\"justify\"><span style=\"font-family: Arial, serif;\"><span style=\"font-size: medium;\">Conoci\u00f3 a Mao Tse Tung, Ho Chi Min, Fidel Castro, fue guerrillera, tambi\u00e9n fue presidenta del Movimiento <\/span><\/span><span style=\"font-family: Arial, serif;\"><span style=\"font-size: medium;\">a<\/span><\/span><span style=\"font-family: Arial, serif;\"><span style=\"font-size: medium;\">l Socialismo (MAS), cuando eran progresistas, y luch\u00f3 contra los desastres ecol\u00f3gicos en Barlovento.<\/span><\/span><\/p>\n<p align=\"justify\">\n<p align=\"justify\"><span style=\"font-family: Arial, serif;\"><span style=\"font-size: medium;\">Argelia milit\u00f3 en Acci\u00f3n Democr\u00e1tica, luego en el Partido Comunista de Venezuela. Fue dirigente de las Fuerzas Armadas de Liberaci\u00f3n Nacional (FALN). Estuvo en la guerrilla venezolana, bajo el nombre de \u201cComandanta Jacinta\u201d. Fue miembro del Comit\u00e9 Central del PCV hasta 1970. Tambi\u00e9n fue cofundadora del Movimiento al Socialismo (MAS) y varias veces diputada. En 1972 participa en la creaci\u00f3n de la organizaci\u00f3n aut\u00f3noma Mujeres Socialistas y en 1983 en la formaci\u00f3n del Frente Feminista del MAS.<\/span><\/span><\/p>\n<p align=\"justify\">\n<p align=\"justify\"><span style=\"font-family: Arial, serif;\"><span style=\"font-size: medium;\">Argelia Laya muere el 27 de noviembre de 1997. Su presencia s\u00f3lida y respetada en la vida pol\u00edtica y social del pa\u00eds, fue determinante durante su existencia, al igual en los actuales momentos y para las futuras generaciones, el cual constituy\u00f3 una de las bases fundamentales del movimiento femenino popular venezolano, en su lucha por la conquista de la plena igualdad de condiciones y oportunidades para las mujeres del pa\u00eds.<\/span><\/span><\/p>\n<p align=\"justify\">\n<p align=\"justify\"><span style=\"font-family: Arial, serif;\"><span style=\"font-size: medium;\">Argelia plante\u00f3 la creaci\u00f3n de una organizaci\u00f3n unitaria de mujeres y en 1985 Gioconda Espina, por el Grupo Feminista Mi\u00e9rcoles; Helena Salcedo, por las periodistas del Sindicato Nacional de Trabajadores de la Prensa; Lisbeth Guevara, por la Federaci\u00f3n Venezolana de Abogadas y Mar\u00eda Le\u00f3n por el sector femenino de la Central Unitaria de Trabajadores fundan la Coordinadora de Organizaciones No Gubernamentales de Mujeres (Congm), esta organizaci\u00f3n tuvo un importante liderazgo en la movilizaci\u00f3n de mujeres, que se abocaron al an\u00e1lisis de la situaci\u00f3n de la mujer y a la elaboraci\u00f3n de pol\u00edticas p\u00fablicas para la defensa de sus derechos a prop\u00f3sito de la participaci\u00f3n de Venezuela en la Tercera Conferencia Mundial de Mujeres, celebrada en Nairobi (1985).<\/span><\/span><\/p>\n<p align=\"justify\">\n<p align=\"justify\"><strong><span style=\"font-family: Arial,serif;\"><span style=\"font-size: medium;\">Revoluci\u00f3n Bolivariana y Argelia<\/span><\/span><\/strong><\/p>\n<p align=\"justify\"><span style=\"font-family: Arial, serif;\"><span style=\"font-size: medium;\">La Revoluci\u00f3n Bolivariana, tambi\u00e9n tiene como bandera la participaci\u00f3n femenina en todas las \u00e1reas de su sistema de gobierno, es por ello que para rendir honores a esta luchadora social se cre\u00f3 la Universidad Polit\u00e9cnica Territorial de Barlovento Argelia Laya, con el fin de darle continuidad al legado de esta lidere<\/span><\/span><span style=\"font-family: Arial, serif;\"><span style=\"font-size: medium;\">s<\/span><\/span><span style=\"font-family: Arial, serif;\"><span style=\"font-size: medium;\">a.<\/span><\/span><\/p>\n<p align=\"justify\">\n<p align=\"justify\"><span style=\"font-family: Arial, serif;\"><span style=\"font-size: medium;\">Es importante recordar las palabras que Argelia Laya pronunciar\u00eda alguna vez: \u201cLucharemos por nuestros derechos y los de nuestra patria, porque el problema de la igualdad de la mujer es el problema de la liberaci\u00f3n de los pueblos\u201d.<\/span><\/span><\/p>\n","protected":false},"excerpt":{"rendered":"<p>** \u201cLucharemos por nuestros derechos y los de nuestra patria, porque el problema de la igualdad de la mujer es el problema de la liberaci\u00f3n de los pueblos\u201d<\/p>\n","protected":false},"author":4,"featured_media":35335,"comment_status":"closed","ping_status":"closed","sticky":false,"template":"","format":"standard","meta":{"footnotes":""},"categories":[2],"tags":[144],"class_list":["post-35334","post","type-post","status-publish","format-standard","has-post-thumbnail","hentry","category-blog","tag-efemerides"],"_links":{"self":[{"href":"https:\/\/inces.gob.ve\/index.php\/wp-json\/wp\/v2\/posts\/35334","targetHints":{"allow":["GET"]}}],"collection":[{"href":"https:\/\/inces.gob.ve\/index.php\/wp-json\/wp\/v2\/posts"}],"about":[{"href":"https:\/\/inces.gob.ve\/index.php\/wp-json\/wp\/v2\/types\/post"}],"author":[{"embeddable":true,"href":"https:\/\/inces.gob.ve\/index.php\/wp-json\/wp\/v2\/users\/4"}],"replies":[{"embeddable":true,"href":"https:\/\/inces.gob.ve\/index.php\/wp-json\/wp\/v2\/comments?post=35334"}],"version-history":[{"count":1,"href":"https:\/\/inces.gob.ve\/index.php\/wp-json\/wp\/v2\/posts\/35334\/revisions"}],"predecessor-version":[{"id":35336,"href":"https:\/\/inces.gob.ve\/index.php\/wp-json\/wp\/v2\/posts\/35334\/revisions\/35336"}],"wp:featuredmedia":[{"embeddable":true,"href":"https:\/\/inces.gob.ve\/index.php\/wp-json\/wp\/v2\/media\/35335"}],"wp:attachment":[{"href":"https:\/\/inces.gob.ve\/index.php\/wp-json\/wp\/v2\/media?parent=35334"}],"wp:term":[{"taxonomy":"category","embeddable":true,"href":"https:\/\/inces.gob.ve\/index.php\/wp-json\/wp\/v2\/categories?post=35334"},{"taxonomy":"post_tag","embeddable":true,"href":"https:\/\/inces.gob.ve\/index.php\/wp-json\/wp\/v2\/tags?post=35334"}],"curies":[{"name":"wp","href":"https:\/\/api.w.org\/{rel}","templated":true}]}}