{"id":35450,"date":"2020-07-30T11:57:33","date_gmt":"2020-07-30T15:57:33","guid":{"rendered":"https:\/\/inces.gob.ve\/?p=35450"},"modified":"2020-07-30T11:57:33","modified_gmt":"2020-07-30T15:57:33","slug":"lara-en-cuarentena-social-y-colectiva-formaciones-productivas-inces-una-mision-de-vida","status":"publish","type":"post","link":"https:\/\/inces.gob.ve\/index.php\/2020\/07\/30\/lara-en-cuarentena-social-y-colectiva-formaciones-productivas-inces-una-mision-de-vida\/","title":{"rendered":"LARA | En cuarentena social y colectiva formaciones productivas Inces: una misi\u00f3n de vida"},"content":{"rendered":"<p align=\"justify\"><em><strong>** En casa se obtienen, junto a esta instituci\u00f3n pionera, las herramientas del conocimiento<\/strong><\/em><!--more--><\/p>\n<p align=\"justify\">Inces Lara ofrece las mejores opciones formativas en las \u00e1reas y motores productivos como agricultura, textil, comunicaciones, industrial, construcci\u00f3n, comercio y servicio y m\u00e1s, un reto, un compromiso para llevar formaci\u00f3n productiva a los hombres y mujeres de la patria en situaci\u00f3n de pandemia.<\/p>\n<p align=\"justify\">\n<p align=\"justify\">Es as\u00ed como en ERL estado Lara y en la modalidad a distancia, se forman diversas personas interesadas en estas opciones y el Inces, pr\u00f3ximo a celebrar su 61 Aniversario, avanza indetenible con fuerza y entusiasmo en ofertas para formar al pueblo venezolano como en su larga trayectoria y con una digna misi\u00f3n lo demuestra en su diario accionar.<\/p>\n<p align=\"justify\">\n<p align=\"justify\">Seg\u00fan su ley promulgada en el a\u00f1o 2008 y en su Art\u00edculo 6\u00b0 \u201cLos programas de educaci\u00f3n, formaci\u00f3n y capacitaci\u00f3n del Instituto Nacional De Capacitaci\u00f3n y Educaci\u00f3n Socialista desarrollar\u00e1n con elevados niveles de calidad, eficiencia, eficacia, flexibilidad y pertinencia social, actualizados y adaptados a las realidades de cada comunidad; enmarcados en una perspectiva de educaci\u00f3n integral, continua, permanente, andrag\u00f3gica, para toda la vida y orientada a satisfacer las necesidades del Estado y la sociedad para impulsar el desarrollo end\u00f3geno\u201d.<\/p>\n<p align=\"justify\">\n<p align=\"justify\">Maestros y promotores t\u00e9cnico productivos dan lo mejor de s\u00ed, para brindar y replicar sus conocimientos a sus participantes de manera virtual en una modalidad a distancia que acerca y afianza, son los n\u00fameros los que hablan por s\u00ed solos, pues este accionar tributa en gran manera al fortalecimiento del sector productivo del pa\u00eds. Inces es la instituci\u00f3n humanista que acompa\u00f1a y brinda como m\u00fasculo y brazo de formaci\u00f3n de manera constante a su pueblo.<\/p>\n<p align=\"justify\">\n<p align=\"justify\">Su lema \u201cFormar produciendo, producir formando\u201d los resultados, los n\u00fameros revelan y se traducen en la m\u00e1s viva muestra de lucha por la vida, un reto colectivo, en prevenci\u00f3n contra el COVID-19 y en constante y permanente din\u00e1mica para hacer y ser, para transformar y contribuir con principios y valores en la construcci\u00f3n del socialismo.<\/p>\n<p align=\"justify\">\n","protected":false},"excerpt":{"rendered":"<p>** En casa se obtienen, junto a esta instituci\u00f3n pionera, las herramientas del conocimiento<\/p>\n","protected":false},"author":4,"featured_media":35451,"comment_status":"closed","ping_status":"closed","sticky":false,"template":"","format":"standard","meta":{"footnotes":""},"categories":[2],"tags":[137,84],"class_list":["post-35450","post","type-post","status-publish","format-standard","has-post-thumbnail","hentry","category-blog","tag-formacionadistancia","tag-lara"],"_links":{"self":[{"href":"https:\/\/inces.gob.ve\/index.php\/wp-json\/wp\/v2\/posts\/35450","targetHints":{"allow":["GET"]}}],"collection":[{"href":"https:\/\/inces.gob.ve\/index.php\/wp-json\/wp\/v2\/posts"}],"about":[{"href":"https:\/\/inces.gob.ve\/index.php\/wp-json\/wp\/v2\/types\/post"}],"author":[{"embeddable":true,"href":"https:\/\/inces.gob.ve\/index.php\/wp-json\/wp\/v2\/users\/4"}],"replies":[{"embeddable":true,"href":"https:\/\/inces.gob.ve\/index.php\/wp-json\/wp\/v2\/comments?post=35450"}],"version-history":[{"count":1,"href":"https:\/\/inces.gob.ve\/index.php\/wp-json\/wp\/v2\/posts\/35450\/revisions"}],"predecessor-version":[{"id":35452,"href":"https:\/\/inces.gob.ve\/index.php\/wp-json\/wp\/v2\/posts\/35450\/revisions\/35452"}],"wp:featuredmedia":[{"embeddable":true,"href":"https:\/\/inces.gob.ve\/index.php\/wp-json\/wp\/v2\/media\/35451"}],"wp:attachment":[{"href":"https:\/\/inces.gob.ve\/index.php\/wp-json\/wp\/v2\/media?parent=35450"}],"wp:term":[{"taxonomy":"category","embeddable":true,"href":"https:\/\/inces.gob.ve\/index.php\/wp-json\/wp\/v2\/categories?post=35450"},{"taxonomy":"post_tag","embeddable":true,"href":"https:\/\/inces.gob.ve\/index.php\/wp-json\/wp\/v2\/tags?post=35450"}],"curies":[{"name":"wp","href":"https:\/\/api.w.org\/{rel}","templated":true}]}}