{"id":35453,"date":"2020-07-30T12:02:13","date_gmt":"2020-07-30T16:02:13","guid":{"rendered":"https:\/\/inces.gob.ve\/?p=35453"},"modified":"2020-07-30T12:02:13","modified_gmt":"2020-07-30T16:02:13","slug":"merida-inces-inicia-inscripcion-para-bachillerato-productivo-2020","status":"publish","type":"post","link":"https:\/\/inces.gob.ve\/index.php\/2020\/07\/30\/merida-inces-inicia-inscripcion-para-bachillerato-productivo-2020\/","title":{"rendered":"M\u00c9RIDA | Inces inicia inscripci\u00f3n para Bachillerato Productivo 2020"},"content":{"rendered":"<p align=\"justify\"><strong><span style=\"font-family: Arial, sans-serif;\"><i>** \u00danicas fechas de atenci\u00f3n para la entrega de recaudos los d\u00edas martes 28 y mi\u00e9rcoles 29 de julio del a\u00f1o 2020<\/i><\/span><\/strong><!--more--><\/p>\n<p><span style=\"font-family: Arial, sans-serif;\"><b>NADIA LOBO<\/b><\/span><\/p>\n<p align=\"justify\"><span style=\"font-family: Arial, sans-serif;\">Bajo una nueva modalidad de estudios m\u00e1s atractiva y pertinente, que reduce el tiempo para el egreso y consolida todas las asignatura en componentes el Instituto Nacional de Capacitaci\u00f3n y Educaci\u00f3n Socialista (Inces) a trav\u00e9s de <\/span><span style=\"font-family: Arial, sans-serif;\">su<\/span><span style=\"font-family: Arial, sans-serif;\"> Unidad Educativa, inicia el proceso de inscripci\u00f3n para el Bachillerato Productivo que le permite al estudiante la certificaci\u00f3n en diversos oficios.<\/span><\/p>\n<p align=\"justify\">\n<p align=\"justify\"><span style=\"font-family: Arial, sans-serif;\">As\u00ed lo dio a conocer Nizza Salas, responsable de la Unidad Educativa del Inces-M\u00e9rida, quien hizo una invitaci\u00f3n extensiva a los adolescentes a partir de 15 a\u00f1os y poblaci\u00f3n adulta que no culminaron sus estudios de educaci\u00f3n media y tienen m\u00e1s de un a\u00f1o desvinculados del sistema escolar tradicional, a incorporase al bachillerato productivo.<\/span><\/p>\n<p align=\"justify\">\n<p align=\"justify\"><span style=\"font-family: Arial, sans-serif;\">De igual manera explic\u00f3, que los estudiantes egresar\u00e1n como bachilleres con un perfil productivo que depender\u00e1 de las experiencias obtenidas emp\u00edricas y acad\u00e9micas. Adem\u00e1s, se realiza un proceso de acompa\u00f1amiento para el egreso por acreditaci\u00f3n de estudiantes adultos y adultas que tienen un c\u00famulo de conocimientos ancestrales, formales y no formales que son reconocidos y validados por la unidad educativa.<\/span><\/p>\n<p align=\"justify\">\n<p align=\"justify\">\u201c<span style=\"font-family: Arial, sans-serif;\">Los d\u00edas martes 28 y mi\u00e9rcoles 29 de julio del a\u00f1o 2020<\/span><span style=\"font-family: Arial, sans-serif;\">, la Unidad Educativa del Inces, ubicada en el centro de formaci\u00f3n socialista (CFS) Eli\u00e9zer Otaiza, ubicado en la Avenida Los Pr\u00f3ceres de la ciudad de M\u00e9rida, estar\u00e1 desarrollando el proceso de inscripciones para la prosecuci\u00f3n de estudios de bachillerato\u201d, se\u00f1al\u00f3 Salas.<\/span><\/p>\n<p align=\"justify\">\n<p align=\"justify\"><span style=\"font-family: Arial, sans-serif;\">En este sentido, y para poder formalizar la inscripci\u00f3n las personas deber\u00e1n consignar los siguientes requisitos: dos copias de c\u00e9dula; dos fotos tipo carnet; original y copia de la partida de nacimiento; original y copia de las notas certificadas del \u00faltimo liceo en el que realiz\u00f3 estudios, en caso de haber estudiado hasta sexto grado, debe consignar original y copia de la certificaci\u00f3n de sexto grado; diez hojas blancas tama\u00f1o oficio; una carpeta amarilla tama\u00f1o oficio y un resumen curricular en el caso de la poblaci\u00f3n adulta.<\/span><\/p>\n<p>&nbsp;<\/p>\n","protected":false},"excerpt":{"rendered":"<p>** \u00danicas fechas de atenci\u00f3n para la entrega de recaudos los d\u00edas martes 28 y mi\u00e9rcoles 29 de julio del a\u00f1o 2020<\/p>\n","protected":false},"author":4,"featured_media":35454,"comment_status":"closed","ping_status":"closed","sticky":false,"template":"","format":"standard","meta":{"footnotes":""},"categories":[2],"tags":[139,196,74],"class_list":["post-35453","post","type-post","status-publish","format-standard","has-post-thumbnail","hentry","category-blog","tag-bachilleratoproductivo","tag-inscripcionesabiertas","tag-merida"],"_links":{"self":[{"href":"https:\/\/inces.gob.ve\/index.php\/wp-json\/wp\/v2\/posts\/35453","targetHints":{"allow":["GET"]}}],"collection":[{"href":"https:\/\/inces.gob.ve\/index.php\/wp-json\/wp\/v2\/posts"}],"about":[{"href":"https:\/\/inces.gob.ve\/index.php\/wp-json\/wp\/v2\/types\/post"}],"author":[{"embeddable":true,"href":"https:\/\/inces.gob.ve\/index.php\/wp-json\/wp\/v2\/users\/4"}],"replies":[{"embeddable":true,"href":"https:\/\/inces.gob.ve\/index.php\/wp-json\/wp\/v2\/comments?post=35453"}],"version-history":[{"count":1,"href":"https:\/\/inces.gob.ve\/index.php\/wp-json\/wp\/v2\/posts\/35453\/revisions"}],"predecessor-version":[{"id":35455,"href":"https:\/\/inces.gob.ve\/index.php\/wp-json\/wp\/v2\/posts\/35453\/revisions\/35455"}],"wp:featuredmedia":[{"embeddable":true,"href":"https:\/\/inces.gob.ve\/index.php\/wp-json\/wp\/v2\/media\/35454"}],"wp:attachment":[{"href":"https:\/\/inces.gob.ve\/index.php\/wp-json\/wp\/v2\/media?parent=35453"}],"wp:term":[{"taxonomy":"category","embeddable":true,"href":"https:\/\/inces.gob.ve\/index.php\/wp-json\/wp\/v2\/categories?post=35453"},{"taxonomy":"post_tag","embeddable":true,"href":"https:\/\/inces.gob.ve\/index.php\/wp-json\/wp\/v2\/tags?post=35453"}],"curies":[{"name":"wp","href":"https:\/\/api.w.org\/{rel}","templated":true}]}}