{"id":35462,"date":"2020-07-31T08:00:43","date_gmt":"2020-07-31T12:00:43","guid":{"rendered":"https:\/\/inces.gob.ve\/?p=35462"},"modified":"2020-07-31T08:01:33","modified_gmt":"2020-07-31T12:01:33","slug":"trujillo-inces-registra-mas-de-1000-formaciones","status":"publish","type":"post","link":"https:\/\/inces.gob.ve\/index.php\/2020\/07\/31\/trujillo-inces-registra-mas-de-1000-formaciones\/","title":{"rendered":"TRUJILLO | Inces registra m\u00e1s de 1000 formaciones"},"content":{"rendered":"<div id=\":e4\" class=\"a3s aXjCH \">\n<div dir=\"ltr\">\n<p><em><b>** En sus breves palabras el Jefe de Formaci\u00f3n Profesional del Inces Trujillo sostuvo, delante de los presentes, que el reto planteado por el Covid-19 oblig\u00f3 a los trabajadores del ente a demostrar las capacidad para resolver problemas puntuales como las clases presenciales y como proseguir con una programaci\u00f3n anual que amenazaba la efectividad de la atenci\u00f3n al p\u00fablico trujillano<\/b><\/em><\/p>\n<\/div>\n<\/div>\n<p><!--more--><\/p>\n<div id=\":e4\" class=\"a3s aXjCH \">\n<div dir=\"ltr\"><strong>MAR\u00cdA CABRERA<\/strong><br \/>\nEn el marco del proceso de transformaci\u00f3n nacional que atraviesa el Instituto Nacional de Capacitaci\u00f3n y Educaci\u00f3n Socialista <b>se present\u00f3 el balance trimestral de las formaciones que hasta la presenta fecha lleva este organismo, el cual registra un numero de 1.180 en su transitar<\/b> desde el pasado mes de Enero hasta Julio.<\/p>\n<p>La informaci\u00f3n la suministro Marcos Ortega, jefe de Formaci\u00f3n Profesional del Inces-Trujillo quien en una breve intervenci\u00f3n a directivos y facilitadores del organismo ofreci\u00f3 detalles de lo que ha sido el funcionamiento del instituto en medio de <b>la pandemia mundial que oblig\u00f3 a tomar medidas r\u00e1pidas para lograr la operatividad <\/b>del mismo.<\/p>\n<p>En su presentaci\u00f3n, Marcos Ortega explic\u00f3 que <b>estos 1.180 corresponden a los programas Agr\u00edcola, Certificaci\u00f3n Ocupacional, Industria y Construcci\u00f3n, Nuevos Modelos de Gesti\u00f3n, Penitenciario, Textil, Turismo, Unidad B\u00e1sica y Programa Nacional de Aprendizaje<\/b>, \u00a0pese a los grandes obst\u00e1culos que se pudieron sortear y las barreras interpuestas para garantizar en el segundo semestre del a\u00f1o la gesti\u00f3n anual.<\/p>\n<p>-Cada uno de estos programas respondi\u00f3 a las expectativas excepcionales planteadas al inicio de la pandemia mundial; hasta los momentos registramos un total de 16.100 participantes, n\u00famero que representa <b>un gran alivio considerando todo lo novedoso que implic\u00f3 reajustar una metodolog\u00eda formativa que nos ha servido para salir a flote y gozar de la receptividad del p\u00fablico trujillano<\/b>, dijo Ortega.<\/p>\n<p>En sus breves palabras el Jefe de Formaci\u00f3n Profesional del Inces Trujillo sostuvo, delante de los presentes, que el reto planteado por <b>el Covid-19 oblig\u00f3 a los trabajadores del ente a demostrar las capacidad para resolver problemas puntuales como las clases presenciales y c\u00f3mo proseguir con una programaci\u00f3n anual <\/b>que amenazaba la efectividad de la atenci\u00f3n al p\u00fablico trujillano.<\/p>\n<p>Igualmente, analizar y evaluar los desaf\u00edos para el venidero a\u00f1o, toda vez que hasta la aparici\u00f3n de la vacuna contra el Covid-19, <b>estas actividades se encaminan de forma vertiginosa y obligan a tomar las prerrogativas de ley para seguir formando a la ciudadan\u00eda como ha sido siempre en sus casi 61 a\u00f1os del Inces<\/b>, se\u00f1al\u00f3 Marcos Ortega.<\/p>\n<\/div>\n<\/div>\n","protected":false},"excerpt":{"rendered":"<p>** En sus breves palabras el Jefe de Formaci\u00f3n Profesional del Inces Trujillo sostuvo, delante de los presentes, que el reto planteado por el Covid-19 oblig\u00f3 a los trabajadores del ente a demostrar las capacidad para resolver problemas puntuales como las clases presenciales y como proseguir con una programaci\u00f3n anual que amenazaba la efectividad de [&hellip;]<\/p>\n","protected":false},"author":4,"featured_media":35463,"comment_status":"closed","ping_status":"closed","sticky":false,"template":"","format":"standard","meta":{"footnotes":""},"categories":[2],"tags":[137,78],"class_list":["post-35462","post","type-post","status-publish","format-standard","has-post-thumbnail","hentry","category-blog","tag-formacionadistancia","tag-trujillo"],"_links":{"self":[{"href":"https:\/\/inces.gob.ve\/index.php\/wp-json\/wp\/v2\/posts\/35462","targetHints":{"allow":["GET"]}}],"collection":[{"href":"https:\/\/inces.gob.ve\/index.php\/wp-json\/wp\/v2\/posts"}],"about":[{"href":"https:\/\/inces.gob.ve\/index.php\/wp-json\/wp\/v2\/types\/post"}],"author":[{"embeddable":true,"href":"https:\/\/inces.gob.ve\/index.php\/wp-json\/wp\/v2\/users\/4"}],"replies":[{"embeddable":true,"href":"https:\/\/inces.gob.ve\/index.php\/wp-json\/wp\/v2\/comments?post=35462"}],"version-history":[{"count":2,"href":"https:\/\/inces.gob.ve\/index.php\/wp-json\/wp\/v2\/posts\/35462\/revisions"}],"predecessor-version":[{"id":35465,"href":"https:\/\/inces.gob.ve\/index.php\/wp-json\/wp\/v2\/posts\/35462\/revisions\/35465"}],"wp:featuredmedia":[{"embeddable":true,"href":"https:\/\/inces.gob.ve\/index.php\/wp-json\/wp\/v2\/media\/35463"}],"wp:attachment":[{"href":"https:\/\/inces.gob.ve\/index.php\/wp-json\/wp\/v2\/media?parent=35462"}],"wp:term":[{"taxonomy":"category","embeddable":true,"href":"https:\/\/inces.gob.ve\/index.php\/wp-json\/wp\/v2\/categories?post=35462"},{"taxonomy":"post_tag","embeddable":true,"href":"https:\/\/inces.gob.ve\/index.php\/wp-json\/wp\/v2\/tags?post=35462"}],"curies":[{"name":"wp","href":"https:\/\/api.w.org\/{rel}","templated":true}]}}