{"id":35519,"date":"2020-08-07T13:37:16","date_gmt":"2020-08-07T17:37:16","guid":{"rendered":"https:\/\/inces.gob.ve\/?p=35519"},"modified":"2020-08-07T13:37:16","modified_gmt":"2020-08-07T17:37:16","slug":"lara-inces-integral-y-cotidiano-con-formadores-que-forman-y-se-forman-a-la-vez","status":"publish","type":"post","link":"https:\/\/inces.gob.ve\/index.php\/2020\/08\/07\/lara-inces-integral-y-cotidiano-con-formadores-que-forman-y-se-forman-a-la-vez\/","title":{"rendered":"LARA | Inces integral y cotidiano con formadores que forman y se forman a la vez"},"content":{"rendered":"<p align=\"justify\"><span style=\"font-family: Arial, sans-serif;\"><i><b>** Compromiso convertido y mezclado en una amena din\u00e1mica para dar y recibir formaci\u00f3n<\/b><\/i><\/span><!--more--><\/p>\n<p align=\"justify\">\n<p align=\"justify\"><span style=\"font-family: Arial, sans-serif;\"><b>DANNYS MORILLO<\/b><\/span><\/p>\n<p align=\"justify\"><span style=\"font-family: Arial, sans-serif;\">Cuarentena social y colectiva para prevenir y cumplir con las medidas de prevenci\u00f3n por la vida, formaci\u00f3n constante y productiva: la primera necesaria y consciente, la segunda, nace del afluente de ideas, saberes, conocimiento y experiencia para dar lo mejor y entender que desde casa, todos y todas somos potencial y que es necesaria la activaci\u00f3n y fuerza motora para hacerlo posible.<\/span><\/p>\n<p align=\"justify\">\n<p align=\"justify\"><span style=\"font-family: Arial, sans-serif;\"><b>Voluntades y disposici\u00f3n para vincularse en \u00e1reas productivas y de crecimiento personal<\/b><\/span><\/p>\n<p align=\"justify\"><span style=\"font-family: Arial, sans-serif;\">Una gran familia, un colectivo de incansables trabajadores, maestros t\u00e9cnicos y promotores t\u00e9cnico productivos, con responsabilidad y compromiso que no solo asumen la tarea de formar a las comunidades que as\u00ed lo demandan, sino que tambi\u00e9n se involucran e incorporan, como participantes, en diversas formaciones.<\/span><\/p>\n<p align=\"justify\">\n<p align=\"justify\"><span style=\"font-family: Arial, sans-serif;\">Es as\u00ed como se demuestra la solidaridad y el amor al pr\u00f3jimo: con dinamismo y accionar conjunto, sumados a la vez como maestros t\u00e9cnicos voluntarios (MTV) y desde sus \u00e1rea de conocimiento, poniendo al servicio y brindando las herramientas del conocimiento al pueblo y compa\u00f1eros de trabajo, lo que contribuye en un ameno, necesario y cotidiano encuentro, sin dejar de lado sus responsabilidades.<\/span><\/p>\n<p align=\"justify\">\n<p align=\"justify\"><span style=\"font-family: Arial, sans-serif;\">Para los maestros t\u00e9cnicos productivos que cumplen con sus horas modalidad a distancia, siendo tambi\u00e9n participantes en otras formaciones, es una gran experiencia, gratificante y motivadora a la vez. Formarse a la par de los cursos, vivencias dentro de la misma instituci\u00f3n, un todo, como la semilla que se riega, la flor nace y el fruto compartido.<\/span><\/p>\n<p align=\"justify\">\n<p align=\"justify\"><span style=\"font-family: Arial, sans-serif;\">Sin duda es el tiempo productivo, el aqu\u00ed y el ahora donde las barreras no existen y donde se lucha para prevenir, cuidando los unos de los otros, se avanza con las banderas del no desmayar, la de dar y ser capaces de asumir el reto desde casa con todos los roles y facetas que implican los deberes del hogar, la familia, el trabajo, los estudios y principalmente la vida, es la acci\u00f3n #SoyMtvS\u00f3loFaltasT\u00fa.<\/span><\/p>\n<p align=\"justify\">\n","protected":false},"excerpt":{"rendered":"<p>** Compromiso convertido y mezclado en una amena din\u00e1mica para dar y recibir formaci\u00f3n<\/p>\n","protected":false},"author":4,"featured_media":35520,"comment_status":"closed","ping_status":"closed","sticky":false,"template":"","format":"standard","meta":{"footnotes":""},"categories":[2],"tags":[],"class_list":["post-35519","post","type-post","status-publish","format-standard","has-post-thumbnail","hentry","category-blog"],"_links":{"self":[{"href":"https:\/\/inces.gob.ve\/index.php\/wp-json\/wp\/v2\/posts\/35519","targetHints":{"allow":["GET"]}}],"collection":[{"href":"https:\/\/inces.gob.ve\/index.php\/wp-json\/wp\/v2\/posts"}],"about":[{"href":"https:\/\/inces.gob.ve\/index.php\/wp-json\/wp\/v2\/types\/post"}],"author":[{"embeddable":true,"href":"https:\/\/inces.gob.ve\/index.php\/wp-json\/wp\/v2\/users\/4"}],"replies":[{"embeddable":true,"href":"https:\/\/inces.gob.ve\/index.php\/wp-json\/wp\/v2\/comments?post=35519"}],"version-history":[{"count":1,"href":"https:\/\/inces.gob.ve\/index.php\/wp-json\/wp\/v2\/posts\/35519\/revisions"}],"predecessor-version":[{"id":35521,"href":"https:\/\/inces.gob.ve\/index.php\/wp-json\/wp\/v2\/posts\/35519\/revisions\/35521"}],"wp:featuredmedia":[{"embeddable":true,"href":"https:\/\/inces.gob.ve\/index.php\/wp-json\/wp\/v2\/media\/35520"}],"wp:attachment":[{"href":"https:\/\/inces.gob.ve\/index.php\/wp-json\/wp\/v2\/media?parent=35519"}],"wp:term":[{"taxonomy":"category","embeddable":true,"href":"https:\/\/inces.gob.ve\/index.php\/wp-json\/wp\/v2\/categories?post=35519"},{"taxonomy":"post_tag","embeddable":true,"href":"https:\/\/inces.gob.ve\/index.php\/wp-json\/wp\/v2\/tags?post=35519"}],"curies":[{"name":"wp","href":"https:\/\/api.w.org\/{rel}","templated":true}]}}