{"id":35543,"date":"2020-08-12T14:01:13","date_gmt":"2020-08-12T18:01:13","guid":{"rendered":"https:\/\/inces.gob.ve\/?p=35543"},"modified":"2020-08-12T14:01:13","modified_gmt":"2020-08-12T18:01:13","slug":"inces-ha-graduado-a-mas-de-ocho-millones-de-venezolanos-en-dos-decadas","status":"publish","type":"post","link":"https:\/\/inces.gob.ve\/index.php\/2020\/08\/12\/inces-ha-graduado-a-mas-de-ocho-millones-de-venezolanos-en-dos-decadas\/","title":{"rendered":"Inces ha graduado a m\u00e1s de ocho millones de venezolanos en dos d\u00e9cadas"},"content":{"rendered":"<div class=\"region region-content\">\n<div class=\"field field-name-field-antetitulo field-type-text field-label-hidden\">\n<div class=\"field-items\">\n<div class=\"field-item even\" style=\"text-align: justify;\"><strong><em>** Indic\u00f3 el director estrat\u00e9gico de Formaci\u00f3n y Autoformaci\u00f3n, Richard Delgado<\/em><\/strong><\/div>\n<\/div>\n<\/div>\n<\/div>\n<p style=\"text-align: justify;\"><!--more--><\/p>\n<div class=\"field field-name-body field-type-text-with-summary field-label-hidden\">\n<div class=\"field-items\">\n<div class=\"field-item even\">\n<div style=\"text-align: justify;\">\n<p class=\"rtejustify\">Desde 1999, m\u00e1s de ocho millones de venezolanos se han graduado en el Instituto Nacional de Capacitaci\u00f3n y Educaci\u00f3n Socialista (Inces), en diferentes niveles formativos, indic\u00f3 el director Estrat\u00e9gico de Formaci\u00f3n y Autoformaci\u00f3n Profesional del instituto, Richard Delgado.<\/p>\n<p class=\"rtejustify\">En entrevista telef\u00f3nica para la Agencia Venezolana de Noticias (AVN) precis\u00f3 que son 8.400.000 estudiantes egresados del Inces, en las \u00faltimas dos d\u00e9cadas, y desde su creaci\u00f3n en 1960 un total de 13 millones han obtenido sus respectivos t\u00edtulos.<\/p>\n<p class=\"rtejustify\">Explic\u00f3 que s\u00f3lo en 2020 cerraron con 2.457 bachilleres productivos en el pa\u00eds, una \u00e9poca marcada por los efectos y cambios por la pandemia del Covid-19, que llev\u00f3 al Ministerio de Educaci\u00f3n a crear el programa \u00abCada Familia una Escuela\u00bb, al cual el Inces se apeg\u00f3.<\/p>\n<p>\u00abEl Inces tiene una gran virtud y es la de garantizar la inclusi\u00f3n de los j\u00f3venes al mundo productivo, entendiendo y comprendiendo que la formaci\u00f3n parte de las necesidades del pueblo\u00bb, resalt\u00f3.<\/p>\n<p>Asimismo, record\u00f3 que la instituci\u00f3n se fundamenta en valores educativos que se consolidan mediante el impulso de importantes pol\u00edticas sociales que comenz\u00f3 el comandante Hugo Ch\u00e1vez, entre ellas; las misiones y que a\u00fan, el presidente Nicol\u00e1s Maduro mantiene vigentes.<\/p>\n<p>\u00abHoy en d\u00eda la realidad pide que el Inces se ponga al frente de la formaci\u00f3n t\u00e9cnica productiva y garantice al pueblo venezolano el desarrollo socio productivo con miras a la post pandemia\u00bb, reiter\u00f3.<\/p>\n<p>&nbsp;<\/p>\n<p>Programa Bachillerato Productivo<\/p>\n<p>A prop\u00f3sito del nuevo per\u00edodo escolar 2020-2021, que inicia a mediados de septiembre, el Inces comenz\u00f3 el proceso de inscripci\u00f3n para los nuevos ingresos del Programa Bachillerato Productivo, en coordinaci\u00f3n con el Ministerio de Educaci\u00f3n.<\/p>\n<p>Delgado record\u00f3 que entre los requisitos b\u00e1sicos est\u00e1 ser mayor de 15 a\u00f1os de edad, presentar la \u00faltima constancia de notas y constancia de haber culminado ese \u00faltimo a\u00f1o; estos documentos se pueden encontrar en las zonas educativas y colegios del pa\u00eds.<\/p>\n<p>Indic\u00f3 que hasta la fecha se han inscrito un total de 872 personas para acceder a este modelo de educaci\u00f3n con inclusi\u00f3n social.<\/p>\n<p>&nbsp;<\/p>\n<p><strong>Alianzas institucionales<\/strong><\/p>\n<p>El Inces en su 61 aniversario de fundaci\u00f3n mantiene alianzas con instituciones del Estado y con organismos internacionales, para reforzar su sistema educativo fundamentado en la experiencia para formar a estudiantes en diversas \u00e1reas de producci\u00f3n.<\/p>\n<p>\u00abAdem\u00e1s de tener nuestras alianzas internacionales naturales, en Venezuela mantenemos relaci\u00f3n cordial con m\u00e1s de 42 instituciones del Estado entre ellos, el Ministerio de la Mujer, PDVSA, Corpoelec, Corpivensa y diversas universidades\u00bb, refiri\u00f3 Delgado.<\/p>\n<\/div>\n<p style=\"text-align: justify;\"><span style=\"font-size: 10pt;\"><strong>FUENTE: YVKE Mundial\/AVN<\/strong><\/span><\/p>\n<\/div>\n<\/div>\n<\/div>\n","protected":false},"excerpt":{"rendered":"<p>** Indic\u00f3 el director estrat\u00e9gico de Formaci\u00f3n y Autoformaci\u00f3n, Richard Delgado<\/p>\n","protected":false},"author":4,"featured_media":35544,"comment_status":"closed","ping_status":"closed","sticky":false,"template":"","format":"standard","meta":{"footnotes":""},"categories":[2],"tags":[200],"class_list":["post-35543","post","type-post","status-publish","format-standard","has-post-thumbnail","hentry","category-blog","tag-61aniversariinces"],"_links":{"self":[{"href":"https:\/\/inces.gob.ve\/index.php\/wp-json\/wp\/v2\/posts\/35543","targetHints":{"allow":["GET"]}}],"collection":[{"href":"https:\/\/inces.gob.ve\/index.php\/wp-json\/wp\/v2\/posts"}],"about":[{"href":"https:\/\/inces.gob.ve\/index.php\/wp-json\/wp\/v2\/types\/post"}],"author":[{"embeddable":true,"href":"https:\/\/inces.gob.ve\/index.php\/wp-json\/wp\/v2\/users\/4"}],"replies":[{"embeddable":true,"href":"https:\/\/inces.gob.ve\/index.php\/wp-json\/wp\/v2\/comments?post=35543"}],"version-history":[{"count":1,"href":"https:\/\/inces.gob.ve\/index.php\/wp-json\/wp\/v2\/posts\/35543\/revisions"}],"predecessor-version":[{"id":35545,"href":"https:\/\/inces.gob.ve\/index.php\/wp-json\/wp\/v2\/posts\/35543\/revisions\/35545"}],"wp:featuredmedia":[{"embeddable":true,"href":"https:\/\/inces.gob.ve\/index.php\/wp-json\/wp\/v2\/media\/35544"}],"wp:attachment":[{"href":"https:\/\/inces.gob.ve\/index.php\/wp-json\/wp\/v2\/media?parent=35543"}],"wp:term":[{"taxonomy":"category","embeddable":true,"href":"https:\/\/inces.gob.ve\/index.php\/wp-json\/wp\/v2\/categories?post=35543"},{"taxonomy":"post_tag","embeddable":true,"href":"https:\/\/inces.gob.ve\/index.php\/wp-json\/wp\/v2\/tags?post=35543"}],"curies":[{"name":"wp","href":"https:\/\/api.w.org\/{rel}","templated":true}]}}