{"id":35602,"date":"2020-08-19T16:48:27","date_gmt":"2020-08-19T20:48:27","guid":{"rendered":"https:\/\/inces.gob.ve\/?p=35602"},"modified":"2020-08-20T07:29:05","modified_gmt":"2020-08-20T11:29:05","slug":"inces-celebra-el-ii-congreso-pedagogico-capitulo-internacional","status":"publish","type":"post","link":"https:\/\/inces.gob.ve\/index.php\/2020\/08\/19\/inces-celebra-el-ii-congreso-pedagogico-capitulo-internacional\/","title":{"rendered":"Inces celebra el II Congreso Pedag\u00f3gico, cap\u00edtulo internacional"},"content":{"rendered":"<p><em><strong>** En las plataformas digitales el p\u00fablico en general podr\u00e1 escuchar la participaci\u00f3n de representantes de importantes organizaciones como la PNUD, la Unesco y la Unicef<\/strong><\/em><!--more--><\/p>\n<p><strong>LONGINA TOVAR<\/strong><\/p>\n<p>Este 20 de agosto, Zoom, YouTube, Facebook e Instagram ser\u00e1n las plataformas que permitir\u00e1n transmitir el II Congreso Pedag\u00f3gico Inces, cap\u00edtulo Pedagog\u00eda con consciencia productiva, evento contemplado dentro de la programaci\u00f3n especial para celebrar el 61 aniversario del Instituto Nacional de Capacitaci\u00f3n y Educaci\u00f3n Socialista.<\/p>\n<p>El Congreso abordar\u00e1 los retos esenciales que afronta la preparaci\u00f3n de los futuros especialistas de carreras de ese nivel y temas como la educaci\u00f3n de los j\u00f3venes en las nuevas circunstancias que impone el azote de la pandemia de la Covid-19 en el mundo y otros desaf\u00edos de esa ense\u00f1anza.<\/p>\n<p>Luego de una primera jornada en la que se debati\u00f3 la situaci\u00f3n actual de la formaci\u00f3n t\u00e9cnica profesional en Venezuela, el Inces abre sus horizontes hacia una mirada globalizada con la exposici\u00f3n de experiencias de organizaciones como la Unesco y la Unicef.<\/p>\n<p>La agenda pautada para este nuevo cap\u00edtulo del congreso contempla la participaci\u00f3n de los vicecancilleres venezolanos para Am\u00e9rica Latina, Asunto de Asia, Medio Oriente y Ocean\u00eda, as\u00ed como del vicecanciller de Asuntos Multilaterales.<\/p>\n<p>Entre los invitados internacionales se cuenta la participaci\u00f3n de representantes de la PNUD en Venezuela, PNUD (especialista Panam\u00e1), Unicef\/ONU y Unesco; asimismo, est\u00e1 prevista la exposici\u00f3n del Instituto Nacional Tecnol\u00f3gico de Nicaragua, entidad hom\u00f3loga al Inces.<\/p>\n<p>La invitaci\u00f3n queda abierta para los interesados en el tema de la pedagog\u00eda productiva, este 20 de agosto, a las 9:00 a. m. por los canales de YouTube e Instagram incessocialita y Facebook en la cuentas Inces y Wuikelman Angel Paredes.<\/p>\n","protected":false},"excerpt":{"rendered":"<p>** En las plataformas digitales el p\u00fablico en general podr\u00e1 escuchar la participaci\u00f3n de representantes de importantes organizaciones como la PNUD, la Unesco y la Unicef<\/p>\n","protected":false},"author":4,"featured_media":35603,"comment_status":"closed","ping_status":"closed","sticky":false,"template":"","format":"standard","meta":{"footnotes":""},"categories":[2],"tags":[202],"class_list":["post-35602","post","type-post","status-publish","format-standard","has-post-thumbnail","hentry","category-blog","tag-61aniversarioinces"],"_links":{"self":[{"href":"https:\/\/inces.gob.ve\/index.php\/wp-json\/wp\/v2\/posts\/35602","targetHints":{"allow":["GET"]}}],"collection":[{"href":"https:\/\/inces.gob.ve\/index.php\/wp-json\/wp\/v2\/posts"}],"about":[{"href":"https:\/\/inces.gob.ve\/index.php\/wp-json\/wp\/v2\/types\/post"}],"author":[{"embeddable":true,"href":"https:\/\/inces.gob.ve\/index.php\/wp-json\/wp\/v2\/users\/4"}],"replies":[{"embeddable":true,"href":"https:\/\/inces.gob.ve\/index.php\/wp-json\/wp\/v2\/comments?post=35602"}],"version-history":[{"count":2,"href":"https:\/\/inces.gob.ve\/index.php\/wp-json\/wp\/v2\/posts\/35602\/revisions"}],"predecessor-version":[{"id":35605,"href":"https:\/\/inces.gob.ve\/index.php\/wp-json\/wp\/v2\/posts\/35602\/revisions\/35605"}],"wp:featuredmedia":[{"embeddable":true,"href":"https:\/\/inces.gob.ve\/index.php\/wp-json\/wp\/v2\/media\/35603"}],"wp:attachment":[{"href":"https:\/\/inces.gob.ve\/index.php\/wp-json\/wp\/v2\/media?parent=35602"}],"wp:term":[{"taxonomy":"category","embeddable":true,"href":"https:\/\/inces.gob.ve\/index.php\/wp-json\/wp\/v2\/categories?post=35602"},{"taxonomy":"post_tag","embeddable":true,"href":"https:\/\/inces.gob.ve\/index.php\/wp-json\/wp\/v2\/tags?post=35602"}],"curies":[{"name":"wp","href":"https:\/\/api.w.org\/{rel}","templated":true}]}}