{"id":35657,"date":"2020-08-24T08:47:11","date_gmt":"2020-08-24T12:47:11","guid":{"rendered":"https:\/\/inces.gob.ve\/?p=35657"},"modified":"2020-08-24T08:47:11","modified_gmt":"2020-08-24T12:47:11","slug":"trujillo-debemos-seguir-mostrando-empatia-por-el-inces","status":"publish","type":"post","link":"https:\/\/inces.gob.ve\/index.php\/2020\/08\/24\/trujillo-debemos-seguir-mostrando-empatia-por-el-inces\/","title":{"rendered":"TRUJILLO | Debemos seguir mostrando empat\u00eda por el Inces"},"content":{"rendered":"<div align=\"justify\">\n<p style=\"text-align: justify;\" align=\"justify\"><em><strong>** Carlos Rivas es el Jefe del CFS \u201cAl\u00ed Primera\u201d del Inces Trujillo, del que manifiesta seguir sinti\u00e9ndose identificado y con mucha voluntad para trabajar como desde el primer d\u00eda que entro en \u00e9l<\/strong><\/em><\/p>\n<\/div>\n<p><!--more--><\/p>\n<p align=\"justify\">\n<div align=\"justify\">\n<p style=\"text-align: justify;\" align=\"justify\"><strong>MAR\u00cdA CABRERA<\/strong><\/p>\n<p>Observador, reservado y echador de broma (con quienes tiene confianza) son las caracter\u00edsticas de Carlos Rivas, trabajador con 25 a\u00f1os de labor y actual Jefe del centro de formaci\u00f3n socialista (CFS) \u201cAl\u00ed Primera\u201d del Instituto Nacional de Capacitaci\u00f3n y Educaci\u00f3n Socialista (Inces) de Trujillo, el\u00a0 centro m\u00e1s grande del organismo en la geograf\u00eda trujillana.<\/p><\/div>\n<div align=\"justify\"><\/div>\n<p style=\"text-align: justify;\" align=\"justify\">Dibujo una media sonrisa al abordarlo para la entrevista con motivo del aniversario 61 del Inces y la correspondiente entrevista para los trabajadores que cumple a\u00f1os de servicios. No objet\u00f3 ser seleccionado para la ocasi\u00f3n. Todo lo contrario, con naturalidad emprendi\u00f3 su ruta de recuerdos dentro del Inces Trujillo.<\/p>\n<p align=\"justify\">\n<p style=\"text-align: justify;\" align=\"justify\">\u00abYo me inicio el 30 de enero del a\u00f1o 1995, cuando la Gerente Regional era Yamelys Dom\u00ednguez. Mi mam\u00e1, Carmen de Rivas, era cursillista y conoc\u00eda a Alberto Albornoz, que era Jefe del Sindicato de Obreros y Empleados del Inces-Trujillo. Le habl\u00f3 de m\u00ed y este accedi\u00f3 a darme paso en este organismo. En esa \u00e9poca hab\u00eda que contar con una mano amiga o una buena recomendaci\u00f3n para entrar aqu\u00ed, dice Carlos.<\/p>\n<p align=\"justify\">\n<p style=\"text-align: justify;\" align=\"justify\">La entrevista que se desarrolla en su lugar de trabajo. Transcurri\u00f3 en medio de la tranquilidad que vive estos d\u00edas el CFS producto de que la pandemia oblig\u00f3 a tomar medidas extremas en cuanto a la presencia del p\u00fablico dentro de las instalaciones. Esto parece cosa de mentira, pero incomod\u00f3 un tanto a Carlos, pero con la seguridad de siempre, continu\u00f3 su relato.<\/p>\n<p align=\"justify\">\n<p style=\"text-align: justify;\" align=\"justify\">\u00abYo pas\u00e9 cuatro a\u00f1os en el Seminario \u201cInterdiocesano Sagrado Coraz\u00f3n de Jes\u00fas\u201d, ubicado en Santa Rosa de Lima, en Caracas. Ya antes, hab\u00eda cursado estudios de segundo a\u00f1o hasta quinto a\u00f1o de bachillerato, en el Seminario \u201cDiocesano Sagrado Coraz\u00f3n de Jes\u00fas\u201d , aqu\u00ed en Trujillo, estudiando filosof\u00eda. Te hablo del 1988 hasta 1992. Pero pronto me di cuenta de que mi vocaci\u00f3n era otra, comenta en tono serio.<\/p>\n<p align=\"justify\">\n<p style=\"text-align: justify;\" align=\"justify\">Es entonces, cuando nuestro entrevistado prueba desempe\u00f1ando varios oficios, que seg\u00fan el \u201cme reportaron mucho conocimiento y ayuda para fortalecer mi temperamento\u201d.<\/p>\n<p align=\"justify\">\n<p style=\"text-align: justify;\" align=\"justify\">Al entrar en el Inces-Trujillo comienzo como chofer, puesto que ocup\u00e9 por a\u00f1o y medio y al que renuncie para integrar la plantilla de trabajadores en el campo administrativo, en medio de la protesta de algunos compa\u00f1eros que no comprend\u00edan c\u00f3mo iba a dejar ese trabajo para ocupar otro con menos beneficios laborales.<\/p>\n<p align=\"justify\">\n<p style=\"text-align: justify;\" align=\"justify\">Es desde all\u00ed, que Carlos Rivas, destacado trabajador con 25 a\u00f1os de servicios, se\u00f1ala que fue viendo frutos a sus aspiraciones, puesto que fue revel\u00e1ndose en cada funci\u00f3n encomendada por los jefes quienes vieron su facilidad para acoplarse a sus nuevas funciones y sobre todo que cumpl\u00eda con empe\u00f1o y tes\u00f3n cada una de las responsabilidades asignadas. Tambi\u00e9n se permiti\u00f3 sacar una carrera profesional.<\/p>\n<p align=\"justify\">\n<p style=\"text-align: justify;\" align=\"justify\">Su paso como auxiliar de compras por 10 a\u00f1os continuos le fue dando el perfil requerido para funciones futuras; coordinador de infraestructura, coordinador del programa construcci\u00f3n y m\u00e1s tarde industria, le suman para ocupar desde 2017 hasta la presente, ser el actual coordinador del CFS \u201cAl\u00ed Primera\u201d, cargo del que se siente muy honrado en desempe\u00f1ar por la confianza depositada en \u00e9l.<\/p>\n<p align=\"justify\">\n<p style=\"text-align: justify;\" align=\"justify\">\u00abYo le estoy muy agradecido a la se\u00f1ora Ang\u00e9lica Mor\u00f3n porque valorara mi trabajo. Ella ha sido la primera gerenter regional que entendi\u00f3 el papel de los que desempe\u00f1amos las encargadur\u00edas. No lo digo por alabar a nadie y eso quiero que quede claro\u00bb, afirm\u00f3.<\/p>\n<p align=\"justify\">\n<p style=\"text-align: justify;\" align=\"justify\">Este trabajador que en sus 25 a\u00f1os de servicios ha visto pasar a 11 gerentesrRegionales en Trujillo, se\u00f1ala que siente \u201cmucha empat\u00eda con el Inces\u201d. Es tan as\u00ed que en un pasado reciente, en ocasiones en broma, la familia le dec\u00eda: \u201cPor qu\u00e9 no te llevabas la ropa\u201d, porque todo el tiempo me la pasaba m\u00e1s aqu\u00ed que en mi hogar. Y eso no ocurr\u00eda con solo conmigo, sino tambi\u00e9n con los dem\u00e1s\u00bb.<\/p>\n<p align=\"justify\">\n<p style=\"text-align: justify;\" align=\"justify\"><em>-\u00bfQue le deseas a tus compa\u00f1eros en este instante tan dif\u00edcil para el Inces y la humanidad?<\/em><\/p>\n<p style=\"text-align: justify;\" align=\"justify\"><strong>R<\/strong> Que sigamos luchando, que no perdamos la br\u00fajula. Hay razones para seguir adelante. Que todo se tiene que hacer con la intenci\u00f3n de servir, por alguien. Las experiencias negativas son para aprender y de esta pandemia tenemos que sacar algo bueno.<\/p>\n<p align=\"justify\">\n<p style=\"text-align: justify;\" align=\"justify\"><em>-\u00bfQue le deseas a tus compa\u00f1eros en este 61 Aniversario del Inces?<\/em><\/p>\n<p style=\"text-align: justify;\" align=\"justify\"><strong>R<\/strong> Este es un aniversario at\u00edpico, pero no menos importante. Y este a\u00f1o, que las fechas no han pasado por encima, menos, que demostremos querencia, dedicaci\u00f3n que con empat\u00eda y voluntad todo se resuelve, pero que lo liguemos a la acci\u00f3n. Nosotros estamos formados para librar batallas de este tipo y de otro. Que no dejemos que se acabe el Inces, en su misi\u00f3n, objetivos; que nos siga doliendo la instituci\u00f3n. Con el presidente Hugo Rafael Ch\u00e1vez qued\u00f3 demostrado que la cultura y la educaci\u00f3n son bandera que debemos seguir conquistando.<\/p>\n<p align=\"justify\">\n<p style=\"text-align: justify;\" align=\"justify\"><em>-\u00bfCon qui\u00e9n y c\u00f3mo festejaras estos 25 a\u00f1os de servicios?<\/em><\/p>\n<p style=\"text-align: justify;\" align=\"justify\"><strong>R<\/strong> Con mi familia, mi esposa Maryely Matheus, mi compa\u00f1era de 27 a\u00f1os de vida; con mis hijas Katherine y Karlymar y mi nietecita de 3 a\u00f1os de edad, Raylimar. ellas son mi tesoro.<\/p>\n","protected":false},"excerpt":{"rendered":"<p>** Carlos Rivas es el Jefe del CFS \u201cAl\u00ed Primera\u201d del Inces Trujillo, del que manifiesta seguir sinti\u00e9ndose identificado y con mucha voluntad para trabajar como desde el primer d\u00eda que entro en \u00e9l<\/p>\n","protected":false},"author":4,"featured_media":35658,"comment_status":"closed","ping_status":"closed","sticky":false,"template":"","format":"standard","meta":{"footnotes":""},"categories":[2],"tags":[],"class_list":["post-35657","post","type-post","status-publish","format-standard","has-post-thumbnail","hentry","category-blog"],"_links":{"self":[{"href":"https:\/\/inces.gob.ve\/index.php\/wp-json\/wp\/v2\/posts\/35657","targetHints":{"allow":["GET"]}}],"collection":[{"href":"https:\/\/inces.gob.ve\/index.php\/wp-json\/wp\/v2\/posts"}],"about":[{"href":"https:\/\/inces.gob.ve\/index.php\/wp-json\/wp\/v2\/types\/post"}],"author":[{"embeddable":true,"href":"https:\/\/inces.gob.ve\/index.php\/wp-json\/wp\/v2\/users\/4"}],"replies":[{"embeddable":true,"href":"https:\/\/inces.gob.ve\/index.php\/wp-json\/wp\/v2\/comments?post=35657"}],"version-history":[{"count":1,"href":"https:\/\/inces.gob.ve\/index.php\/wp-json\/wp\/v2\/posts\/35657\/revisions"}],"predecessor-version":[{"id":35659,"href":"https:\/\/inces.gob.ve\/index.php\/wp-json\/wp\/v2\/posts\/35657\/revisions\/35659"}],"wp:featuredmedia":[{"embeddable":true,"href":"https:\/\/inces.gob.ve\/index.php\/wp-json\/wp\/v2\/media\/35658"}],"wp:attachment":[{"href":"https:\/\/inces.gob.ve\/index.php\/wp-json\/wp\/v2\/media?parent=35657"}],"wp:term":[{"taxonomy":"category","embeddable":true,"href":"https:\/\/inces.gob.ve\/index.php\/wp-json\/wp\/v2\/categories?post=35657"},{"taxonomy":"post_tag","embeddable":true,"href":"https:\/\/inces.gob.ve\/index.php\/wp-json\/wp\/v2\/tags?post=35657"}],"curies":[{"name":"wp","href":"https:\/\/api.w.org\/{rel}","templated":true}]}}