{"id":35660,"date":"2020-08-24T08:52:57","date_gmt":"2020-08-24T12:52:57","guid":{"rendered":"https:\/\/inces.gob.ve\/?p=35660"},"modified":"2020-08-24T08:52:57","modified_gmt":"2020-08-24T12:52:57","slug":"aragua-lo-educativo-debe-ir-de-la-mano-de-lo-productivo","status":"publish","type":"post","link":"https:\/\/inces.gob.ve\/index.php\/2020\/08\/24\/aragua-lo-educativo-debe-ir-de-la-mano-de-lo-productivo\/","title":{"rendered":"ARAGUA | Lo educativo debe ir de la mano de lo productivo"},"content":{"rendered":"<p style=\"text-align: justify;\" align=\"center\"><em><strong>** \u201cNuestro horizonte es brindar nuevas oportunidades de superaci\u00f3n, por medio de la certificaci\u00f3n de saberes y haceres\u201d. Sim\u00f3n Navarro<\/strong><\/em><!--more--><\/p>\n<p><strong>NINOSKA A. PATRIZ S<\/strong><\/p>\n<p align=\"justify\">En entrevista realizada al maestro e ingeniero qu\u00edmico Sim\u00f3n Navarro, pudimos conocer que: \u201cPara m\u00ed es un privilegio la oportunidad de formar parte de la gran familia Inces durante estos cinco a\u00f1os\u201d. Y en esta ocasi\u00f3n, que me seleccionaron por motivo del cumplimiento de mi primer quinquenio me satisface expresar mi agradecimiento al Inces y felicitar a todos los trabajadores que no detienen su marcha y se mantienen conectados virtualmente a sus actividades en este 61 Aniversario\u00bb.<\/p>\n<p align=\"justify\">\n<p align=\"justify\">As\u00ed es como, rescatando sus palabras, recordamos que: \u201cTodos los d\u00edas son de lucha constante para sumar experiencias de motivaci\u00f3n\u201d. Podemos decir que su etapa de Direcci\u00f3n en la Unidad Educativa de Adultos Inces Aragua, la recuerda con gran cari\u00f1o y por tal motivo, contin\u00faa apoyando esta noble labor . \u201cSomos formadores y gu\u00edas de emprendedores que observan oportunidades de crecimiento a\u00fan en tiempos de pandemia.<\/p>\n<p align=\"justify\">\n<p align=\"justify\">As\u00ed mismo, con gran humildad reconoci\u00f3 y agradeci\u00f3 la constancia y el esmero de todo el equipo, junto a quienes condujo a buen puerto una gran cantidad de Bachilleres por acreditaci\u00f3n. Estos no han descuidado sus labores, cursos y responsabilidades a pesar de las restricciones presentes. Pues: \u201cLa educaci\u00f3n es humana y hablar de lo humano implica, emociones, afectos y espiritualidad que no podemos hacer aun lado\u201d, coment\u00f3 Navarro.<\/p>\n<p align=\"justify\">\n<p align=\"justify\">Por su parte, la direcci\u00f3n de la unidad educativa est\u00e1 en las manos de la jefa Mar\u00eda Jos\u00e9 D\u00edaz, quien tambi\u00e9n afirma que esta modalidad a\u00fan es muy criticada pero, lleva consigo la fuerza de la conciencia del crecimiento integral que posee todo ser humano. Y como dijera Luis Beltr\u00e1n Pietro Figueroa: \u201cEducar es por encima de todo formar una conciencia; crear un esp\u00edritu, se\u00f1alar un rumbo\u201d.<\/p>\n","protected":false},"excerpt":{"rendered":"<p>** \u201cNuestro horizonte es brindar nuevas oportunidades de superaci\u00f3n, por medio de la certificaci\u00f3n de saberes y haceres\u201d. Sim\u00f3n Navarro<\/p>\n","protected":false},"author":4,"featured_media":35661,"comment_status":"closed","ping_status":"closed","sticky":false,"template":"","format":"standard","meta":{"footnotes":""},"categories":[2],"tags":[],"class_list":["post-35660","post","type-post","status-publish","format-standard","has-post-thumbnail","hentry","category-blog"],"_links":{"self":[{"href":"https:\/\/inces.gob.ve\/index.php\/wp-json\/wp\/v2\/posts\/35660","targetHints":{"allow":["GET"]}}],"collection":[{"href":"https:\/\/inces.gob.ve\/index.php\/wp-json\/wp\/v2\/posts"}],"about":[{"href":"https:\/\/inces.gob.ve\/index.php\/wp-json\/wp\/v2\/types\/post"}],"author":[{"embeddable":true,"href":"https:\/\/inces.gob.ve\/index.php\/wp-json\/wp\/v2\/users\/4"}],"replies":[{"embeddable":true,"href":"https:\/\/inces.gob.ve\/index.php\/wp-json\/wp\/v2\/comments?post=35660"}],"version-history":[{"count":1,"href":"https:\/\/inces.gob.ve\/index.php\/wp-json\/wp\/v2\/posts\/35660\/revisions"}],"predecessor-version":[{"id":35662,"href":"https:\/\/inces.gob.ve\/index.php\/wp-json\/wp\/v2\/posts\/35660\/revisions\/35662"}],"wp:featuredmedia":[{"embeddable":true,"href":"https:\/\/inces.gob.ve\/index.php\/wp-json\/wp\/v2\/media\/35661"}],"wp:attachment":[{"href":"https:\/\/inces.gob.ve\/index.php\/wp-json\/wp\/v2\/media?parent=35660"}],"wp:term":[{"taxonomy":"category","embeddable":true,"href":"https:\/\/inces.gob.ve\/index.php\/wp-json\/wp\/v2\/categories?post=35660"},{"taxonomy":"post_tag","embeddable":true,"href":"https:\/\/inces.gob.ve\/index.php\/wp-json\/wp\/v2\/tags?post=35660"}],"curies":[{"name":"wp","href":"https:\/\/api.w.org\/{rel}","templated":true}]}}