{"id":35663,"date":"2020-08-24T09:02:17","date_gmt":"2020-08-24T13:02:17","guid":{"rendered":"https:\/\/inces.gob.ve\/?p=35663"},"modified":"2020-08-24T09:02:17","modified_gmt":"2020-08-24T13:02:17","slug":"trujillo-el-inces-me-enseno-a-socializar-con-el-publico","status":"publish","type":"post","link":"https:\/\/inces.gob.ve\/index.php\/2020\/08\/24\/trujillo-el-inces-me-enseno-a-socializar-con-el-publico\/","title":{"rendered":"TRUJILLO | El Inces me ense\u00f1\u00f3 a socializar con el p\u00fablico"},"content":{"rendered":"<p align=\"justify\"><em><strong>** Lisbeth Carolina Araujo Morillo hace 15 a\u00f1os se inici\u00f3 en el Inces de Trujillo como participante del PNA con el curso de \u201cT\u00e9cnicas de Oficina\u201d. Desde entonces y sobre todo en la gesti\u00f3n de Ang\u00e9lica Mor\u00f3n Aldana, su carrera dentro del organismo ha ido en ascenso<\/strong><\/em><\/p>\n<p align=\"justify\">\n<p align=\"justify\"><!--more--><strong>MAR\u00cdA CABRERA<\/strong><\/p>\n<p align=\"justify\">Sonriente, amable y con una rapidez para hacer los trabajos mecan\u00f3graficos que los jefes le encomienden, son las caracter\u00edsticas de Lisbeth Carolina Araujo Morillo, quien hace 15 a\u00f1os se inici\u00f3 en el Instituto Nacional de Capacitaci\u00f3n y Educaci\u00f3n Socialista de Trujillo como participante del Programa Nacional de Aprendizaje.<\/p>\n<p align=\"justify\">\n<p align=\"justify\">Al abordarla para la entrevista, \u201cCarola\u201d dijo: \u201cno chica, deja eso as\u00ed, a mi eso me da pena\u201d. Y sus mejillas se sonrojaron, indic\u00e1ndole que por el aniversario 61 del Inces la costumbre era entrevistar a los trabajadores que ser\u00e1n condecorados por a\u00f1os de servicios<\/p>\n<p align=\"justify\">\n<p align=\"justify\">Luego de unos minutos, \u201cCarola\u201d, como se le conoce a secas, accedi\u00f3. Y nos recibe en su oficina del centro de formaci\u00f3n socialsita (CFS) \u201cBarbarita de La Torre\u201d. All\u00ed explica que en el PNA entr\u00f3 estudiando en el curso \u201cT\u00e9cnicas de Oficina\u201d, de la mano de Carlos Romero, quien fungi\u00f3 como jefe de Inces-Comercio, ahora\u00a0 CFS \u201cBarbarita de La Torre\u201d. Ellos le vieron iniciativa y condiciones para entrar como participante. El gerente regional de la \u00e9poca era Oswaldo Ruskoz.<\/p>\n<p align=\"justify\">\n<p align=\"justify\">Durante su tiempo de preparaci\u00f3n, hizo lo posible para destacar y fue as\u00ed que la seleccionan para hacer las pasant\u00edas, y en la oportunidad cuando Yaneth Salcedo asume la conducci\u00f3n del Inces-Trujillo, la seleccionan el 17 de enero del 2004, bajo la figura de contratada como asistente administrativo, pero para trabajar en el programa agr\u00edcola.<\/p>\n<p align=\"justify\">\n<p align=\"justify\">Desde entonces, se ha ido destacando en cada una de las responsabilidades que\u00a0 ha asumido. Cuenta que en la actualidad ha visto pasar m\u00e1s de siete gerente regionales en el Inces-Trujillo. \u201cDurante siete a\u00f1os ocupe el cargo de secretaria de la gerencia regional, lo que me permiti\u00f3 conocer los procesos internos y lo delicado de esa posici\u00f3n\u00bb.<\/p>\n<p align=\"justify\">\n<p align=\"justify\">\u00abCon la se\u00f1ora Ang\u00e9lica Mor\u00f3n innovo como encargada del Programa \u201cSaber y Trabajo\u201d lo que me permite conocer otro aspecto laboral, algo que agradezco, porque creer en los trabajadores es importante. Mi estancia desde entonces en el Inces ha ido en ascenso. Actualmente me desempe\u00f1o como Jefe de CFS \u201cBarbarita de La Torre\u201d.<\/p>\n<p align=\"justify\">\n<p align=\"justify\"><em>\u00bfQue recuerdas de esa vez que cobraste el primer sueldo?<\/em><\/p>\n<p align=\"justify\"><strong>R<\/strong> La alegr\u00eda que sent\u00ed cuando con mi primer sueldo compr\u00c9 las ventanas de mi casa. Mi vida dio un giro muy importante desde ese entonces. Yo le estoy muy agradecida al Inces. Yo quiero al Inces. Claro ese organismo selectivo de antes, al actual, es mucha la diferencia, pero eso me permiti\u00f3 crecer y valorar mucho todo lo que tengo y sobre todo mi familia.<\/p>\n<p align=\"justify\">\n<p align=\"justify\"><em>\u00bfQue te ense\u00f1\u00f3 el Inces?<\/em><\/p>\n<p align=\"justify\">-La oportunidad de socializar con otras personas. Cumplir misiones con mis compa\u00f1eros de trabajo y ver como la gente te regala una sonrisa a cambio de la oportunidad de formaci\u00f3n; eso es algo grande, maravilloso. El permitirme viajar a otras partes de la geograf\u00eda trujillana, fuera de ella, articular con la Escuela de Fortalecimiento del Poder Popular .<\/p>\n<p align=\"justify\">\n<p align=\"justify\"><em>\u00bfQue le sugieres a tus compa\u00f1eros en este momento tan aciago para la humanidad?<\/em><\/p>\n<p align=\"justify\"><strong>R<\/strong> Que sigamos comprometi\u00e9ndonos con el Inces, que lo amemos, que esta temporada pasar\u00e1. Que no permitamos que la desmotivaci\u00f3n se apodere de nosotros. Somos herederos de una tremenda obra y no podemos perderla porque s\u00ed. Que sigamos con m\u00e1s m\u00edstica en nuestra labor, con calidad , m\u00e1s que por cantidad.<\/p>\n<p align=\"justify\">\n<p align=\"justify\"><em><strong>\u00bfC\u00f3mo y con qui\u00e9n celebrar\u00e1s estos 15 a\u00f1os en el Inces Trujillo?<\/strong><\/em><\/p>\n<p align=\"justify\"><strong>R<\/strong> Con mi familia. Les toca. . La pandemia nos obliga a estar en casa y nos ense\u00f1a a valorar m\u00e1s nuestros afectos.<\/p>\n","protected":false},"excerpt":{"rendered":"<p>** Lisbeth Carolina Araujo Morillo hace 15 a\u00f1os se inici\u00f3 en el Inces de Trujillo como participante del PNA con el curso de \u201cT\u00e9cnicas de Oficina\u201d. Desde entonces y sobre todo en la gesti\u00f3n de Ang\u00e9lica Mor\u00f3n Aldana, su carrera dentro del organismo ha ido en ascenso<\/p>\n","protected":false},"author":4,"featured_media":35664,"comment_status":"closed","ping_status":"closed","sticky":false,"template":"","format":"standard","meta":{"footnotes":""},"categories":[2],"tags":[],"class_list":["post-35663","post","type-post","status-publish","format-standard","has-post-thumbnail","hentry","category-blog"],"_links":{"self":[{"href":"https:\/\/inces.gob.ve\/index.php\/wp-json\/wp\/v2\/posts\/35663","targetHints":{"allow":["GET"]}}],"collection":[{"href":"https:\/\/inces.gob.ve\/index.php\/wp-json\/wp\/v2\/posts"}],"about":[{"href":"https:\/\/inces.gob.ve\/index.php\/wp-json\/wp\/v2\/types\/post"}],"author":[{"embeddable":true,"href":"https:\/\/inces.gob.ve\/index.php\/wp-json\/wp\/v2\/users\/4"}],"replies":[{"embeddable":true,"href":"https:\/\/inces.gob.ve\/index.php\/wp-json\/wp\/v2\/comments?post=35663"}],"version-history":[{"count":1,"href":"https:\/\/inces.gob.ve\/index.php\/wp-json\/wp\/v2\/posts\/35663\/revisions"}],"predecessor-version":[{"id":35665,"href":"https:\/\/inces.gob.ve\/index.php\/wp-json\/wp\/v2\/posts\/35663\/revisions\/35665"}],"wp:featuredmedia":[{"embeddable":true,"href":"https:\/\/inces.gob.ve\/index.php\/wp-json\/wp\/v2\/media\/35664"}],"wp:attachment":[{"href":"https:\/\/inces.gob.ve\/index.php\/wp-json\/wp\/v2\/media?parent=35663"}],"wp:term":[{"taxonomy":"category","embeddable":true,"href":"https:\/\/inces.gob.ve\/index.php\/wp-json\/wp\/v2\/categories?post=35663"},{"taxonomy":"post_tag","embeddable":true,"href":"https:\/\/inces.gob.ve\/index.php\/wp-json\/wp\/v2\/tags?post=35663"}],"curies":[{"name":"wp","href":"https:\/\/api.w.org\/{rel}","templated":true}]}}