{"id":35677,"date":"2020-08-27T11:16:14","date_gmt":"2020-08-27T15:16:14","guid":{"rendered":"https:\/\/inces.gob.ve\/?p=35677"},"modified":"2020-08-27T11:16:14","modified_gmt":"2020-08-27T15:16:14","slug":"el-festival-tu-voz-inces-ven-y-muestra-tu-talento-ya-tiene-ganadores","status":"publish","type":"post","link":"https:\/\/inces.gob.ve\/index.php\/2020\/08\/27\/el-festival-tu-voz-inces-ven-y-muestra-tu-talento-ya-tiene-ganadores\/","title":{"rendered":"El festival \u201cTu voz Inces: Ven y muestra tu talento\u201d ya tiene ganadores"},"content":{"rendered":"<p style=\"text-align: justify;\"><i><b>** La actividad form\u00f3 parte de la agenda del 61 aniversario de la casa formativa<\/b><\/i><!--more--><\/p>\n<p style=\"text-align: justify;\"><strong>LONGINA TOVAR<\/strong><\/p>\n<p style=\"text-align: justify;\">El presidente del Instituto Nacional de Capacitaci\u00f3n y Educaci\u00f3n Socialista , Wuikelman Angel, anunci\u00f3 este jueves en el programa radial Somos Inces a los ganadores del festival \u201cTu voz Inces: Ven y muestra tu talento\u201d, actividad que form\u00f3 parte de la celebraci\u00f3n del 61 aniversario de la instituci\u00f3n.<\/p>\n<p style=\"text-align: justify;\">\n<p style=\"text-align: justify;\">El festival convoc\u00f3 desde finales de julio a la juventud del Inces (participantes, aprendices, futuros bachilleres y trabajadores) a enviar videos donde mostraran su talento en las categor\u00edas canto, baile y otras expresiones art\u00edsticas.<\/p>\n<p style=\"text-align: justify;\">\n<p style=\"text-align: justify;\">Luego recibir m\u00e1s de 100 videos, el jurador calificador, conformado por Lino Garc\u00eda, core\u00f3grafo; Tony, El genuino, cantante de m\u00fasica urbana; Johan Reyes, cantante profesional, Rub\u00e9n Jim\u00e9nez, presentador de Tv y Nahit\u00ed Ortega, bailadora profesional de danza tradicional, siguiendo una serie de especificaciones t\u00e9cnicas, decidieron:<\/p>\n<p style=\"text-align: justify;\">\n<p style=\"text-align: justify;\"><b>Ganadores Canto<\/b><\/p>\n<p style=\"text-align: justify;\">1er lugar: Natalia Marcano<\/p>\n<p style=\"text-align: justify;\">2do lugar: Jorge Far\u00edas<\/p>\n<p style=\"text-align: justify;\">3er lugar: Tito Y\u00e1nez<\/p>\n<p style=\"text-align: justify;\">\n<p style=\"text-align: justify;\"><b>Ganadores de bailes<\/b><\/p>\n<p style=\"text-align: justify;\">1er lugar: Yolibert Villegas<\/p>\n<p style=\"text-align: justify;\">2do lugar: Dernier Su\u00e1rez<\/p>\n<p style=\"text-align: justify;\">3er lugar: Daniel Bracho<\/p>\n<p style=\"text-align: justify;\">\n<p style=\"text-align: justify;\"><b>Otras experiencias art\u00edsticas<\/b><\/p>\n<p style=\"text-align: justify;\">1er lugar: William Rivas (Tel\u00e9fono inteligente)<\/p>\n<p style=\"text-align: justify;\">2do lugar: Zeus Garc\u00eda (Tabet android)<\/p>\n<p style=\"text-align: justify;\">3er lugar: C\u00e9sar G\u00f3mez (z<\/p>\n<p style=\"text-align: justify;\">\n<p style=\"text-align: justify;\">Los ganadores del tercer lugar ser\u00e1n acreedores de un par de zapatos deportivos, el segundo lugar, en las tres categor\u00edas, ganan una tablet android, mientras que el primer lugar se lleva como premio un tel\u00e9fono inteligente.<\/p>\n<p style=\"text-align: justify;\">\n","protected":false},"excerpt":{"rendered":"<p>** La actividad form\u00f3 parte de la agenda del 61 aniversario de la casa formativa<\/p>\n","protected":false},"author":4,"featured_media":35678,"comment_status":"closed","ping_status":"closed","sticky":false,"template":"","format":"standard","meta":{"footnotes":""},"categories":[2],"tags":[202],"class_list":["post-35677","post","type-post","status-publish","format-standard","has-post-thumbnail","hentry","category-blog","tag-61aniversarioinces"],"_links":{"self":[{"href":"https:\/\/inces.gob.ve\/index.php\/wp-json\/wp\/v2\/posts\/35677","targetHints":{"allow":["GET"]}}],"collection":[{"href":"https:\/\/inces.gob.ve\/index.php\/wp-json\/wp\/v2\/posts"}],"about":[{"href":"https:\/\/inces.gob.ve\/index.php\/wp-json\/wp\/v2\/types\/post"}],"author":[{"embeddable":true,"href":"https:\/\/inces.gob.ve\/index.php\/wp-json\/wp\/v2\/users\/4"}],"replies":[{"embeddable":true,"href":"https:\/\/inces.gob.ve\/index.php\/wp-json\/wp\/v2\/comments?post=35677"}],"version-history":[{"count":1,"href":"https:\/\/inces.gob.ve\/index.php\/wp-json\/wp\/v2\/posts\/35677\/revisions"}],"predecessor-version":[{"id":35679,"href":"https:\/\/inces.gob.ve\/index.php\/wp-json\/wp\/v2\/posts\/35677\/revisions\/35679"}],"wp:featuredmedia":[{"embeddable":true,"href":"https:\/\/inces.gob.ve\/index.php\/wp-json\/wp\/v2\/media\/35678"}],"wp:attachment":[{"href":"https:\/\/inces.gob.ve\/index.php\/wp-json\/wp\/v2\/media?parent=35677"}],"wp:term":[{"taxonomy":"category","embeddable":true,"href":"https:\/\/inces.gob.ve\/index.php\/wp-json\/wp\/v2\/categories?post=35677"},{"taxonomy":"post_tag","embeddable":true,"href":"https:\/\/inces.gob.ve\/index.php\/wp-json\/wp\/v2\/tags?post=35677"}],"curies":[{"name":"wp","href":"https:\/\/api.w.org\/{rel}","templated":true}]}}