{"id":35694,"date":"2020-09-02T10:47:07","date_gmt":"2020-09-02T14:47:07","guid":{"rendered":"https:\/\/inces.gob.ve\/?p=35694"},"modified":"2020-09-02T10:47:07","modified_gmt":"2020-09-02T14:47:07","slug":"trujillo-conducir-al-inces-mas-que-una-responsabilidad-es-un-compromiso","status":"publish","type":"post","link":"https:\/\/inces.gob.ve\/index.php\/2020\/09\/02\/trujillo-conducir-al-inces-mas-que-una-responsabilidad-es-un-compromiso\/","title":{"rendered":"TRUJILLO | \u00abConducir al Inces m\u00e1s que una responsabilidad es un compromiso\u00bb"},"content":{"rendered":"<p style=\"text-align: justify;\"><strong><em>** Mar\u00eda Ang\u00e9lica Mor\u00f3n Aldana, gerente regional del Inces Trujillo, fue una de las agasajadas por sus cinco a\u00f1os de servicio en el instituto, en el marco del aniversario 61<\/em> <\/strong><!--more--><\/p>\n<p style=\"text-align: justify;\"><strong>\u00a0<\/strong><strong>MAR\u00cdA CABRERA<br \/>\n<\/strong><\/p>\n<p style=\"text-align: justify;\">\u201cAsumir la conducci\u00f3n del Inces, m\u00e1s que una responsabilidad es un compromiso\u201d. Con esos dos t\u00e9rminos defini\u00f3 Mar\u00eda Ang\u00e9lica Mor\u00f3n Aldana, gerente regional Inces Trujillo, su estancia en el organismo, a prop\u00f3sito de ser abordada para la entrevista que como de costumbre se le hace a los trabajadores que son galardonados por a\u00f1os de entrega laboral.<\/p>\n<p style=\"text-align: justify;\">\n<p style=\"text-align: justify;\">Por primera vez esper\u00f3 Mor\u00f3n Aldana a que la interrogaran. Comenz\u00f3 explicando que su llegada al Inces-Trujillo fue por un planteamiento que Wuikelman Angel Paredes, actual presidente del instituto, le efectuara para cubrir la plaza del n\u00facleo, el 10 de julio del 2015.<\/p>\n<p style=\"text-align: justify;\">\n<p style=\"text-align: justify;\">\u201cEso me oblig\u00f3 a estudiar e investigar sobre qu\u00e9 era el Inces, ya que la visi\u00f3n que ten\u00eda era solo aquel edificio que est\u00e1 en San Mart\u00edn, en Caracas, cuando ten\u00eda unos 14 o 15 a\u00f1os que por supuesto, dista mucho de lo que me hab\u00edan planteado. Es decir, una cosa es la estructura y otra gerenciar, dice la (se\u00f1ora Ang\u00e9lica), como le decimos los trabajadores.<\/p>\n<p style=\"text-align: justify;\">\n<p style=\"text-align: justify;\">De inmediato hace un paseo por lo que signific\u00f3 ese hecho que le impact\u00f3 y \u201chasta algo de susto me produjo, porque fue una llamada repentina, algo inesperado. Por eso deb\u00ed estudiar e investigar para poder tener un conocimiento lo m\u00e1s aproximadamente posible,\u201d dice.<\/p>\n<p style=\"text-align: justify;\">\n<p style=\"text-align: justify;\"><em>-Recuerdo que tu misma, me dijiste: \u00abusted se va a estrenar con el aniversario del Inces\u00bb; \u00bfte acuerdas?.<\/em><\/p>\n<p style=\"text-align: justify;\">-\u00a1Claro. Me acuerdo de eso!, le respond\u00ed. En esa \u00e9poca el Inces cumpl\u00eda 56 a\u00f1os de fundaci\u00f3n.<\/p>\n<p>&nbsp;<\/p>\n<p style=\"text-align: justify;\">Y record\u00e9 que en esa ocasi\u00f3n hab\u00eda mucha expectativa. Su antecesora tuvo una gesti\u00f3n algo atropellada en los \u00faltimos meses y el cambio de mando fue convulso. El clima laboral era muy fuerte.<\/p>\n<p style=\"text-align: justify;\">\n<p style=\"text-align: justify;\">Pero lleg\u00f3 el d\u00eda de su presentaci\u00f3n. Su arribo al CFS \u201cAl\u00ed Primera\u201d, el centro m\u00e1s grande del Inces-Trujillo ubicado en Valera. Fue enfundada en una chaqueta de semicuero negro, jean, blusa blanca manga corta y pelo recogido.<\/p>\n<p style=\"text-align: justify;\">\n<p style=\"text-align: justify;\">Todos esperamos la trasmisi\u00f3n de mando, cosa que no se dio. Su discurso fue sencillo y breve donde dej\u00f3 claro que \u201cven\u00eda a trabajar y la mejor forma era en equipo\u201d. Acto seguido, le dio la palabra a los trabajadores asistentes, que la esperaban en el auditorio \u201cLuis Beltr\u00e1n Prieto Figueroa\u201d para que expresaran lo que sent\u00edan y qu\u00e9 esperaban de ella. El lugar estaba repleto de asistentes. Al terminar, se pase\u00f3 por toda la instalaci\u00f3n donde cada quien la espero en su sitio de trabajo. Se presentaban, explican sus funciones, ante la mirada de familiares y amigos que la acompa\u00f1aban en el momento.<\/p>\n<p style=\"text-align: justify;\">\n<p style=\"text-align: justify;\">-Yo creo que el secreto de mi gesti\u00f3n es el trabajo en equipo, en conjunto. El conocer y enterarme de cada uno de los procesos internos en estos 5 a\u00f1os que no han sido f\u00e1ciles, pero uno hace el esfuerzo. Contextualizar, evaluar y diagnosticar para poderme involucrar en los procesos de cada una de las divisiones o departamentos de Inces-Trujillo, all\u00ed est\u00e1 a mi juicio, el detalle, el secreto. Sincronizar el discurso con la pr\u00e1ctica.<\/p>\n<p style=\"text-align: justify;\">\n<p style=\"text-align: justify;\"><em>-\u00bfQu\u00e9 diferencia hay entre ese Inces de ese tiempo al actual?<\/em><\/p>\n<p style=\"text-align: justify;\"><strong>R<\/strong> Que este es un Inces de calidad m\u00e1s de cantidad, que responde a las exigencias de la revoluci\u00f3n bolivariana, pues cumple con las demandas de las comunidades y no que en nombre de ella la emplea para quedar bien y dejar a las personas entre la confusi\u00f3n y la expectativa de que si eso era todo.<\/p>\n<p style=\"text-align: justify;\">\n","protected":false},"excerpt":{"rendered":"<p>** Mar\u00eda Ang\u00e9lica Mor\u00f3n Aldana, gerente regional del Inces Trujillo, fue una de las agasajadas por sus cinco a\u00f1os de servicio en el instituto, en el marco del aniversario 61<\/p>\n","protected":false},"author":4,"featured_media":35695,"comment_status":"closed","ping_status":"closed","sticky":false,"template":"","format":"standard","meta":{"footnotes":""},"categories":[2],"tags":[],"class_list":["post-35694","post","type-post","status-publish","format-standard","has-post-thumbnail","hentry","category-blog"],"_links":{"self":[{"href":"https:\/\/inces.gob.ve\/index.php\/wp-json\/wp\/v2\/posts\/35694","targetHints":{"allow":["GET"]}}],"collection":[{"href":"https:\/\/inces.gob.ve\/index.php\/wp-json\/wp\/v2\/posts"}],"about":[{"href":"https:\/\/inces.gob.ve\/index.php\/wp-json\/wp\/v2\/types\/post"}],"author":[{"embeddable":true,"href":"https:\/\/inces.gob.ve\/index.php\/wp-json\/wp\/v2\/users\/4"}],"replies":[{"embeddable":true,"href":"https:\/\/inces.gob.ve\/index.php\/wp-json\/wp\/v2\/comments?post=35694"}],"version-history":[{"count":1,"href":"https:\/\/inces.gob.ve\/index.php\/wp-json\/wp\/v2\/posts\/35694\/revisions"}],"predecessor-version":[{"id":35696,"href":"https:\/\/inces.gob.ve\/index.php\/wp-json\/wp\/v2\/posts\/35694\/revisions\/35696"}],"wp:featuredmedia":[{"embeddable":true,"href":"https:\/\/inces.gob.ve\/index.php\/wp-json\/wp\/v2\/media\/35695"}],"wp:attachment":[{"href":"https:\/\/inces.gob.ve\/index.php\/wp-json\/wp\/v2\/media?parent=35694"}],"wp:term":[{"taxonomy":"category","embeddable":true,"href":"https:\/\/inces.gob.ve\/index.php\/wp-json\/wp\/v2\/categories?post=35694"},{"taxonomy":"post_tag","embeddable":true,"href":"https:\/\/inces.gob.ve\/index.php\/wp-json\/wp\/v2\/tags?post=35694"}],"curies":[{"name":"wp","href":"https:\/\/api.w.org\/{rel}","templated":true}]}}