{"id":35700,"date":"2020-09-03T11:14:49","date_gmt":"2020-09-03T15:14:49","guid":{"rendered":"https:\/\/inces.gob.ve\/?p=35700"},"modified":"2020-09-03T11:14:49","modified_gmt":"2020-09-03T15:14:49","slug":"trujillo-min-educacion-revisa-expedientes-para-grado-de-bachilleres-productivos","status":"publish","type":"post","link":"https:\/\/inces.gob.ve\/index.php\/2020\/09\/03\/trujillo-min-educacion-revisa-expedientes-para-grado-de-bachilleres-productivos\/","title":{"rendered":"TRUJILLO | Min Educaci\u00f3n revisa expedientes para grado de Bachilleres Productivos"},"content":{"rendered":"<p style=\"text-align: justify;\"><em><strong>** Se han revisado del mes de Febrero 41 participantes y Julio 64 para un total de 105 participantes quienes contaron con toda las prerrogativas de ley con el visto bueno de la funcionaria del Min Educaci\u00f3n que incluso fue testigo de las diligencias sobre el regreso a clases semipresenciales en la Unidad Educativa Inces-Trujillo<\/strong><\/em><!--more--><\/p>\n<p style=\"text-align: justify;\"><strong>\u00a0MAR\u00cdA CABRERA<br \/>\n<\/strong><\/p>\n<p style=\"text-align: justify;\">Una jornada <strong>de revisi\u00f3n de expedientes de grado y de notas de los optantes al t\u00edtulo de Bachillerato Productivo<\/strong> efectu\u00f3 la representante del Ministerio del Poder Popular para la Educaci\u00f3n, Comisionada Fransuly Rond\u00f3n, quien en amplia jornada corrobor\u00f3 cada uno de los documentos necesarios.<\/p>\n<p style=\"text-align: justify;\">\n<p style=\"text-align: justify;\">En esta jornada Rond\u00f3n estuvo acompa\u00f1ada de la coordinadora de la Unidad Educativa de Inces-Trujillo, Solimar Morillo y Karen Becerra, de Control de Estudios del organismo, quienes atendieron cada una de las interrogantes que la funcionaria p\u00fablica efectuara sobre el particular.<\/p>\n<p style=\"text-align: justify;\">\n<p style=\"text-align: justify;\">Morillo explic\u00f3 que la jornada consisti\u00f3 en una revisi\u00f3n hist\u00f3rica de cada uno de los participantes optantes a grado del 6to periodo, a saber: revisi\u00f3n de notas, datos filiatorios, datos personales y dem\u00e1s papeles necesarios para tal fin y tal como lo determina la primera autoridad ministerial nacional.<\/p>\n<p style=\"text-align: justify;\">\n<p style=\"text-align: justify;\"><strong>-Hasta los momentos se han revisado del mes de Febrero 41 participantes; Julio 64 para un total de 105 participantes<\/strong> quienes contaron con toda las prerrogativas de ley establecidas y con el visto bueno de la funcionaria de Min Educaci\u00f3n que, incluso fue testigo de las diligencias practicadas sobre la consulta sobre el regreso a clases semipresenciales en la Unidad Educativa Inces-Trujillo.<\/p>\n<p style=\"text-align: justify;\">\n<p style=\"text-align: justify;\">Es necesario acotar que de los 41 participantes, 24 se graduar\u00e1n como Bachiller Productivo y 17 lo har\u00e1n v\u00eda acreditaci\u00f3n en el mes de Febrero, es decir, primer lapso del a\u00f1o escolar 2019-2020 mientras que los correspondientes al segundo lapso, o sea, el mes de Julio, de los 64 participantes, 41 corresponden al grado de Bachiller Productivo y el resto ser\u00e1 por acreditaci\u00f3n.<\/p>\n<p style=\"text-align: justify;\">\n<p style=\"text-align: justify;\">Se aspira que cumplido este paso en un lapso de dos meses aproximadamente, se proceda al segundo paso que ser\u00e1 con formatos de t\u00edtulos en mano firma y revisi\u00f3n de la documentaci\u00f3n final de los 105 participantes del Inces con opci\u00f3n a grado de Bachillerato con Perfil Productivo.<\/p>\n<p style=\"text-align: justify;\">\n<p style=\"text-align: justify;\">Antes de finalizar, Solimar <strong>Morillo hizo un llamado para que las personas acudan a nuestras instalaciones los d\u00edas de la semana de flexibilizaci\u00f3n a inscribirse en la Unidad Educativa Inces<\/strong> en horario de oficina y guardando las medidas de seguridad y salubridad al visitar las instalaciones del ente nacional.<\/p>\n<p style=\"text-align: justify;\">\n","protected":false},"excerpt":{"rendered":"<p>** Se han revisado del mes de Febrero 41 participantes y Julio 64 para un total de 105 participantes quienes contaron con toda las prerrogativas de ley con el visto bueno de la funcionaria del Min Educaci\u00f3n que incluso fue testigo de las diligencias sobre el regreso a clases semipresenciales en la Unidad Educativa Inces-Trujillo<\/p>\n","protected":false},"author":4,"featured_media":35701,"comment_status":"closed","ping_status":"closed","sticky":false,"template":"","format":"standard","meta":{"footnotes":""},"categories":[2],"tags":[],"class_list":["post-35700","post","type-post","status-publish","format-standard","has-post-thumbnail","hentry","category-blog"],"_links":{"self":[{"href":"https:\/\/inces.gob.ve\/index.php\/wp-json\/wp\/v2\/posts\/35700","targetHints":{"allow":["GET"]}}],"collection":[{"href":"https:\/\/inces.gob.ve\/index.php\/wp-json\/wp\/v2\/posts"}],"about":[{"href":"https:\/\/inces.gob.ve\/index.php\/wp-json\/wp\/v2\/types\/post"}],"author":[{"embeddable":true,"href":"https:\/\/inces.gob.ve\/index.php\/wp-json\/wp\/v2\/users\/4"}],"replies":[{"embeddable":true,"href":"https:\/\/inces.gob.ve\/index.php\/wp-json\/wp\/v2\/comments?post=35700"}],"version-history":[{"count":1,"href":"https:\/\/inces.gob.ve\/index.php\/wp-json\/wp\/v2\/posts\/35700\/revisions"}],"predecessor-version":[{"id":35702,"href":"https:\/\/inces.gob.ve\/index.php\/wp-json\/wp\/v2\/posts\/35700\/revisions\/35702"}],"wp:featuredmedia":[{"embeddable":true,"href":"https:\/\/inces.gob.ve\/index.php\/wp-json\/wp\/v2\/media\/35701"}],"wp:attachment":[{"href":"https:\/\/inces.gob.ve\/index.php\/wp-json\/wp\/v2\/media?parent=35700"}],"wp:term":[{"taxonomy":"category","embeddable":true,"href":"https:\/\/inces.gob.ve\/index.php\/wp-json\/wp\/v2\/categories?post=35700"},{"taxonomy":"post_tag","embeddable":true,"href":"https:\/\/inces.gob.ve\/index.php\/wp-json\/wp\/v2\/tags?post=35700"}],"curies":[{"name":"wp","href":"https:\/\/api.w.org\/{rel}","templated":true}]}}