{"id":35707,"date":"2020-09-03T22:55:41","date_gmt":"2020-09-04T02:55:41","guid":{"rendered":"https:\/\/inces.gob.ve\/?p=35707"},"modified":"2020-09-03T22:55:41","modified_gmt":"2020-09-04T02:55:41","slug":"inces-trabaja-con-el-cluster-de-educacion-unicef-onu-para-mejorar-la-ensenanza-a-distancia","status":"publish","type":"post","link":"https:\/\/inces.gob.ve\/index.php\/2020\/09\/03\/inces-trabaja-con-el-cluster-de-educacion-unicef-onu-para-mejorar-la-ensenanza-a-distancia\/","title":{"rendered":"Inces trabaja con el Cl\u00faster de Educaci\u00f3n Unicef &#8211; ONU para mejorar la ense\u00f1anza a distancia"},"content":{"rendered":"<p align=\"justify\"><i><b>** El derecho a la educaci\u00f3n en tiempos de crisis es un tema medular para la formaci\u00f3n que dicta el Inces <\/b><\/i><!--more--><\/p>\n<p align=\"justify\"><b>LONGINA TOVAR<\/b><\/p>\n<p align=\"justify\">El Instituto Nacional de Capacitaci\u00f3n y Educaci\u00f3n Socialista (Inces), sostuvo este jueves una reuni\u00f3n con el coordinador del Cl\u00faster de Educaci\u00f3n Unicef &#8211; ONU, Henry Renna Gallardo, con la finalidad de concretar un ciclo de trabajo que permita enriquecer la labor del Inces de educar a distancia, como corresponde en estos tiempos de pandemia.<\/p>\n<p align=\"justify\">\n<p align=\"justify\">En el encuentro por videoconferencia el Inces estuvo representado por el director de Despacho Alfredo Carquez y los gerentes generales de Cooperaci\u00f3n Nacional e Internacional y de Formaci\u00f3n y Autoformaci\u00f3n Profesional, Luisa Veloz y Jes\u00fas Hern\u00e1ndez, respectivamente.<\/p>\n<p align=\"justify\">\n<p align=\"justify\">Durante su participaci\u00f3n en la actividad, Veloz explic\u00f3 que el coordinador del Cl\u00faster public\u00f3 recientemente un estudio relacionado con el derecho a la educaci\u00f3n en tiempos de crisis, trabajo que describe las principales problem\u00e1ticas de la educaci\u00f3n en medio de la pandemia mundial generada por el contagio masivo de la COVID-19 y los desaf\u00edos m\u00e1s importantes a los cuales se enfrentan estudiantes y maestros en medio de este complejo contexto.<\/p>\n<p align=\"justify\">\n<p align=\"justify\">A juicio de Veloz, ese estudio, con la ayuda de Unicef-ONU, puede ser aplicado por el Inces y adaptarlo de la educaci\u00f3n formal a la formaci\u00f3n t\u00e9cnica profesional; en este sentido, la gerente general de Cooperaci\u00f3n Nacional e Internacional del Inces propuso la preparaci\u00f3n de un ciclo de videoforos en los cuales participen los trabajadores administrativos y los maestros de todo el pa\u00eds.<\/p>\n<p align=\"justify\">\n<p align=\"justify\">La propuesta fue aceptada con benepl\u00e1cito por Renna Gallardo y avalada tanto por Carquez como por Hern\u00e1ndez.<\/p>\n<p align=\"justify\">\n<p align=\"justify\">Entre tanto, el representante de la Unicef-ONU propuso que los encuentros sean semanales y tengan una duraci\u00f3n aproximada de dos horas, tiempo suficiente para recopilar la informaci\u00f3n sobre experiencias propas y compartir las que se han vivido en otras latitudes. Renna fue enf\u00e1tico en la necesidad de sistematizar todo lo que se discuta, a fin de generar un documento que recoja, metodol\u00f3gicamente, todas las experiencias, soluciones, expectativas y otros elementos de importancia que se generan en estas jornadas de trabajo.<\/p>\n<p align=\"justify\">\n<p align=\"justify\">Por su parte, Hern\u00e1ndez se\u00f1al\u00f3 la importancia de la participaci\u00f3n en esta actividad de todos los equipos de formaci\u00f3n profesional regionales de cara al nuevo a\u00f1o escolar, en lo que a Bachillerato Productivo se refiere, y al inici\u00f3 de la formaci\u00f3n ordinaria, en 2021, tomando en cuenta que de 2020 ya solo queda un cuatrimestre.<\/p>\n<p align=\"justify\">\n<p align=\"justify\">\u201cTenemos que planificar foros pertinentes y progresivos que atiendan los temas m\u00e1s importantes en torno a la educaci\u00f3n a distancia, no solo los curr\u00edculos, sino tambi\u00e9n las formaciones y las herramientas tecnol\u00f3gicas utilizadas\u201d conmin\u00f3 Jes\u00fas Hern\u00e1ndez.<\/p>\n<p align=\"justify\">\n<p align=\"justify\">Luego de esta primera reuni\u00f3n, y despu\u00e9s de que la Unesco-ONU acept\u00f3 contribuir con la idea planteada por el Inces, esta instituci\u00f3n para la formaci\u00f3n t\u00e9cnica productiva debe concretar la forma metodol\u00f3gica que se dar\u00e1 a estos encuentros y definir\u00e1 los temas m\u00e1s importantes a discutir.<\/p>\n<style type=\"text\/css\">\n\t\tp { margin-bottom: 0.25cm; line-height: 120% }\n\t\ta:link { so-language: zxx }<\/style>\n","protected":false},"excerpt":{"rendered":"<p>** El derecho a la educaci\u00f3n en tiempos de crisis es un tema medular para la formaci\u00f3n que dicta el Inces<\/p>\n","protected":false},"author":4,"featured_media":35708,"comment_status":"closed","ping_status":"closed","sticky":false,"template":"","format":"standard","meta":{"footnotes":""},"categories":[2],"tags":[],"class_list":["post-35707","post","type-post","status-publish","format-standard","has-post-thumbnail","hentry","category-blog"],"_links":{"self":[{"href":"https:\/\/inces.gob.ve\/index.php\/wp-json\/wp\/v2\/posts\/35707","targetHints":{"allow":["GET"]}}],"collection":[{"href":"https:\/\/inces.gob.ve\/index.php\/wp-json\/wp\/v2\/posts"}],"about":[{"href":"https:\/\/inces.gob.ve\/index.php\/wp-json\/wp\/v2\/types\/post"}],"author":[{"embeddable":true,"href":"https:\/\/inces.gob.ve\/index.php\/wp-json\/wp\/v2\/users\/4"}],"replies":[{"embeddable":true,"href":"https:\/\/inces.gob.ve\/index.php\/wp-json\/wp\/v2\/comments?post=35707"}],"version-history":[{"count":1,"href":"https:\/\/inces.gob.ve\/index.php\/wp-json\/wp\/v2\/posts\/35707\/revisions"}],"predecessor-version":[{"id":35709,"href":"https:\/\/inces.gob.ve\/index.php\/wp-json\/wp\/v2\/posts\/35707\/revisions\/35709"}],"wp:featuredmedia":[{"embeddable":true,"href":"https:\/\/inces.gob.ve\/index.php\/wp-json\/wp\/v2\/media\/35708"}],"wp:attachment":[{"href":"https:\/\/inces.gob.ve\/index.php\/wp-json\/wp\/v2\/media?parent=35707"}],"wp:term":[{"taxonomy":"category","embeddable":true,"href":"https:\/\/inces.gob.ve\/index.php\/wp-json\/wp\/v2\/categories?post=35707"},{"taxonomy":"post_tag","embeddable":true,"href":"https:\/\/inces.gob.ve\/index.php\/wp-json\/wp\/v2\/tags?post=35707"}],"curies":[{"name":"wp","href":"https:\/\/api.w.org\/{rel}","templated":true}]}}