{"id":35716,"date":"2020-09-07T14:13:42","date_gmt":"2020-09-07T18:13:42","guid":{"rendered":"https:\/\/inces.gob.ve\/?p=35716"},"modified":"2020-09-07T14:13:42","modified_gmt":"2020-09-07T18:13:42","slug":"apure-el-inces-prosigue-con-las-formaciones-tecnicas-productivas-durante-el-mes-de-septiembre","status":"publish","type":"post","link":"https:\/\/inces.gob.ve\/index.php\/2020\/09\/07\/apure-el-inces-prosigue-con-las-formaciones-tecnicas-productivas-durante-el-mes-de-septiembre\/","title":{"rendered":"APURE | El Inces prosigue con las formaciones t\u00e9cnicas productivas durante el mes de septiembre"},"content":{"rendered":"<p style=\"text-align: justify;\"><strong><em>**<\/em> Se desarrollar\u00e1n 4 Cursos vinculados a los motores socioproductivos del \u00e1rea Industria Textil, Agroalimentario, Turismo y Modelo de Gesti\u00f3n, atendiendo los ejes San Fernando, Biruaca y Guasdualito<\/strong><!--more--><\/p>\n<p style=\"text-align: justify;\">El jefe de Formaci\u00f3n Profesional del Inces Apure, Ram\u00f3n Noriega, inform\u00f3 que se planific\u00f3 la oferta de estas formaciones en atenci\u00f3n a las demandas manifestadas por las comunidades de los municipios San Fernando, Biruaca y P\u00e1ez.<\/p>\n<p>&nbsp;<\/p>\n<p style=\"text-align: justify;\">Las formaciones ser\u00e1n dictadas en la modalidad a distancia, a trav\u00e9s de aulas virtuales. Los requisitos que deben cumplir los aspirantes a estos cursos son los establecidos por la instituci\u00f3n: Ser mayor de 15 a\u00f1os, consignar la c\u00e9dula de identidad en formato digital y poseer tel\u00e9fono o computador con acceso a Internet.<\/p>\n<p>&nbsp;<\/p>\n<p style=\"text-align: justify;\">La duraci\u00f3n de los cursos oscila entre 16 y 186 horas. Se cubren las \u00e1reas ocupacionales m\u00e1s relevantes de los sectores productivos formal e informal, haciendo de estas formaciones una excelente alternativa para el mejoramiento profesional y laboral de la poblaci\u00f3n apure\u00f1a, en el contexto actual de la cuarentena por el COVID-19. La informaci\u00f3n detallada de cada curso puede ser ubicada en las redes sociales, Twitter: Inces Apure _ Prensa, Facebook: Inces Apure, Instagram: Inces Apure<\/p>\n<p>&nbsp;<\/p>\n<p style=\"text-align: justify;\">En la planificaci\u00f3n de la matriz de los Cursos se tomaron en cuenta los lineamientos expuestos por el Presidente del Inces, Wuikelman Angel Paredes, quien en su disertaci\u00f3n efectuada con motivo del II Congreso de Pedagog\u00eda con Consciencia Productiva manifest\u00f3: \u00abLa educaci\u00f3n debe ser liberadora, transformadora e incluyente y orientadas a satisfacer las necesidades del pueblo\u00bb.<\/p>\n","protected":false},"excerpt":{"rendered":"<p>** Se desarrollar\u00e1n 4 Cursos vinculados a los motores socioproductivos del \u00e1rea Industria Textil, Agroalimentario, Turismo y Modelo de Gesti\u00f3n, atendiendo los ejes San Fernando, Biruaca y Guasdualito<\/p>\n","protected":false},"author":4,"featured_media":35717,"comment_status":"closed","ping_status":"closed","sticky":false,"template":"","format":"standard","meta":{"footnotes":""},"categories":[2],"tags":[],"class_list":["post-35716","post","type-post","status-publish","format-standard","has-post-thumbnail","hentry","category-blog"],"_links":{"self":[{"href":"https:\/\/inces.gob.ve\/index.php\/wp-json\/wp\/v2\/posts\/35716","targetHints":{"allow":["GET"]}}],"collection":[{"href":"https:\/\/inces.gob.ve\/index.php\/wp-json\/wp\/v2\/posts"}],"about":[{"href":"https:\/\/inces.gob.ve\/index.php\/wp-json\/wp\/v2\/types\/post"}],"author":[{"embeddable":true,"href":"https:\/\/inces.gob.ve\/index.php\/wp-json\/wp\/v2\/users\/4"}],"replies":[{"embeddable":true,"href":"https:\/\/inces.gob.ve\/index.php\/wp-json\/wp\/v2\/comments?post=35716"}],"version-history":[{"count":1,"href":"https:\/\/inces.gob.ve\/index.php\/wp-json\/wp\/v2\/posts\/35716\/revisions"}],"predecessor-version":[{"id":35718,"href":"https:\/\/inces.gob.ve\/index.php\/wp-json\/wp\/v2\/posts\/35716\/revisions\/35718"}],"wp:featuredmedia":[{"embeddable":true,"href":"https:\/\/inces.gob.ve\/index.php\/wp-json\/wp\/v2\/media\/35717"}],"wp:attachment":[{"href":"https:\/\/inces.gob.ve\/index.php\/wp-json\/wp\/v2\/media?parent=35716"}],"wp:term":[{"taxonomy":"category","embeddable":true,"href":"https:\/\/inces.gob.ve\/index.php\/wp-json\/wp\/v2\/categories?post=35716"},{"taxonomy":"post_tag","embeddable":true,"href":"https:\/\/inces.gob.ve\/index.php\/wp-json\/wp\/v2\/tags?post=35716"}],"curies":[{"name":"wp","href":"https:\/\/api.w.org\/{rel}","templated":true}]}}