{"id":35780,"date":"2020-09-16T16:05:01","date_gmt":"2020-09-16T20:05:01","guid":{"rendered":"https:\/\/inces.gob.ve\/?p=35780"},"modified":"2020-09-16T16:05:01","modified_gmt":"2020-09-16T20:05:01","slug":"sucre-la-formacion-profesional-no-se-detiene","status":"publish","type":"post","link":"https:\/\/inces.gob.ve\/index.php\/2020\/09\/16\/sucre-la-formacion-profesional-no-se-detiene\/","title":{"rendered":"SUCRE | La formaci\u00f3n profesional no se detiene"},"content":{"rendered":"<p align=\"justify\"><span style=\"color: #222222;\"><span style=\"font-family: Arial, sans-serif;\"><span style=\"font-size: medium;\">*** <i>Maestros<\/i><i> <\/i><i>y participantes de<\/i><i> Inces <\/i><i>hacen equipo para lograr<\/i><i> adaptarse a los tiempos que hoy se viven a escala mundial<\/i><\/span><\/span><\/span><!--more--><\/p>\n<p align=\"justify\">\n<p align=\"justify\"><span style=\"color: #222222;\"><span style=\"font-family: Arial, Helvetica, sans-serif;\"><span style=\"font-size: medium;\">El Gobierno Nacional, presidido por Nicol\u00e1s Maduro, debido a la pandemia generada a principio del a\u00f1o 2020 por el COVID-19, tom\u00f3 la decisi\u00f3n de decretar Estado de alarma en todo el pa\u00eds, implementando as\u00ed nuevas estrategias que permitieran continuar con el sistemas educativo en todos sus niveles, sin dejar de prevenir el contagio y la propagaci\u00f3n del virus que azota el mundo entero.<\/span><\/span><\/span><\/p>\n<p align=\"justify\">\n<p align=\"justify\"><span style=\"color: #222222;\"><span style=\"font-family: Arial, Helvetica, sans-serif;\"><span style=\"font-size: medium;\">En esta etapa, el Instituto Nacional de Capacitaci\u00f3n y Educaci\u00f3n Socialista (Inces)<\/span><\/span><\/span><span style=\"color: #222222;\"><span style=\"font-family: Arial, Helvetica, sans-serif;\"><span style=\"font-size: medium;\"> Cumpliendo con los lineamientos dados por el Ejecutivo nacional, el ministro de educaci\u00f3n <\/span><\/span><\/span><span style=\"font-family: Arial, sans-serif;\"><span style=\"font-size: medium;\">Arist\u00f3bulo Ist\u00fariz<\/span><\/span><span style=\"color: #222222;\"><span style=\"font-family: Arial, Helvetica, sans-serif;\"><span style=\"font-size: medium;\"> y el presidente de Inces <\/span><\/span><\/span><span style=\"font-family: Arial, sans-serif;\"><span style=\"font-size: medium;\">Wuikelman \u00c1ngel Paredes<\/span><\/span><span style=\"color: #222222;\"><span style=\"font-family: Arial, Helvetica, sans-serif;\"><span style=\"font-size: medium;\">, contin\u00faa fomentando el crecimiento profesional de hombres y mujeres implementando la educaci\u00f3n a distancia, modalidad que ha permitido <\/span><\/span><\/span><span style=\"color: #222222;\"><span style=\"font-family: Arial, Helvetica, sans-serif;\"><span style=\"font-size: medium;\">continuar<\/span><\/span><\/span><span style=\"color: #222222;\"><span style=\"font-family: Arial, Helvetica, sans-serif;\"><span style=\"font-size: medium;\"> el proceso formativo desde la comodidad de su hogar, sin poner en riesgo la salud de los participantes e instructores.<\/span><\/span><\/span><\/p>\n<p align=\"justify\">\n<p align=\"justify\"><span style=\"font-size: medium;\"><span style=\"font-family: Arial, sans-serif;\">En Sucre la Formaci\u00f3n <\/span><span style=\"font-family: Arial, sans-serif;\">Profesional<\/span><span style=\"font-family: Arial, sans-serif;\"> no se detiene, <\/span><span style=\"font-family: Arial, sans-serif;\">gracias a<\/span><span style=\"font-family: Arial, sans-serif;\"> que, <\/span><span style=\"font-family: Arial, sans-serif;\">tanto<\/span><span style=\"font-family: Arial, sans-serif;\"> los maestro<\/span><span style=\"font-family: Arial, sans-serif;\">s<\/span><span style=\"font-family: Arial, sans-serif;\"> t\u00e9cnico<\/span><span style=\"font-family: Arial, sans-serif;\">s<\/span><span style=\"font-family: Arial, sans-serif;\"> productivo<\/span><span style=\"font-family: Arial, sans-serif;\">s<\/span><span style=\"font-family: Arial, sans-serif;\"> (MTP) <\/span><span style=\"font-family: Arial, sans-serif;\">como los participantes, realizan sus aportes para juntos conformar un mismo equipo, lo cual ha sido necesario para logra<\/span><span style=\"font-family: Arial, sans-serif;\">r<\/span><span style=\"font-family: Arial, sans-serif;\"> adaptarse a la educaci\u00f3n a distancia que ofrece la instituci\u00f3n en estos momentos<\/span><span style=\"color: #222222;\"><span style=\"font-family: Arial, Helvetica, sans-serif;\">, tomando en cuenta que los mecanismos implementados son principalmente interactivos.<\/span><\/span><\/span><\/p>\n<p align=\"justify\">\n<p align=\"justify\"><span style=\"font-size: medium;\"><span style=\"color: #222222;\"><span style=\"font-family: Arial, sans-serif;\">Haciendo uso de las herramientas tecnol\u00f3gicas, los j\u00f3venes de cada curso <\/span><\/span><span style=\"color: #222222;\"><span style=\"font-family: Arial, Helvetica, sans-serif;\">cumplen con excelencia las asignaciones enviadas por <\/span><\/span><span style=\"color: #222222;\"><span style=\"font-family: Arial, Helvetica, sans-serif;\">sus respectivos <\/span><\/span><span style=\"color: #222222;\"><span style=\"font-family: Arial, Helvetica, sans-serif;\"> MTP, <\/span><\/span><span style=\"color: #222222;\"><span style=\"font-family: Arial, Helvetica, sans-serif;\">contribuyendo de esa forma <\/span><\/span><span style=\"color: #222222;\"><span style=\"font-family: Arial, Helvetica, sans-serif;\">a <\/span><\/span><span style=\"color: #222222;\"><span style=\"font-family: Arial, Helvetica, sans-serif;\">que l<\/span><\/span><span style=\"color: #222222;\"><span style=\"font-family: Arial, Helvetica, sans-serif;\">as ense\u00f1anzas<\/span><\/span> <span style=\"color: #222222;\"><span style=\"font-family: Arial, Helvetica, sans-serif;\">productivas avancen<\/span><\/span><span style=\"color: #222222;\"><span style=\"font-family: Arial, Helvetica, sans-serif;\"> con pasos firmes , <\/span><\/span><span style=\"color: #222222;\"><span style=\"font-family: Arial, Helvetica, sans-serif;\">siendo esta una de las razones que mantienen a los maestros de Inces <\/span><\/span><span style=\"color: #222222;\"><span style=\"font-family: Arial, Helvetica, sans-serif;\">S<\/span><\/span><span style=\"color: #222222;\"><span style=\"font-family: Arial, Helvetica, sans-serif;\">ucre <\/span><\/span><span style=\"color: #222222;\"><span style=\"font-family: Arial, sans-serif;\">optimistas y con el mismo inter\u00e9s de seguir<\/span><\/span> <span style=\"color: #222222;\"><span style=\"font-family: Arial, Helvetica, sans-serif;\">ofrec<\/span><\/span><span style=\"color: #222222;\"><span style=\"font-family: Arial, Helvetica, sans-serif;\">iendo<\/span><\/span><span style=\"color: #222222;\"><span style=\"font-family: Arial, Helvetica, sans-serif;\"> mejores servicios y educaci\u00f3n con altos est\u00e1ndares de calidad.<\/span><\/span><\/span><\/p>\n<p align=\"justify\">\n<p align=\"justify\"><span style=\"font-family: Arial, sans-serif;\"><span style=\"font-size: medium;\">Ante la presente situaci\u00f3n que mantiene a todos en resguardo, es evidente el esfuerzo realizado por cada uno de los j\u00f3venes que hacen vida en todos los centros de formaci\u00f3n socialistas (CFS) y es por ello, que <span style=\"color: #222222;\"><span style=\"font-family: Arial, Helvetica, sans-serif;\">c<\/span><\/span><span style=\"color: #222222;\"><span style=\"font-family: Arial, Helvetica, sans-serif;\">omo instituci\u00f3n de car\u00e1cter formativo, <\/span><\/span><span style=\"color: #222222;\"><span style=\"font-family: Arial, Helvetica, sans-serif;\">Inces<\/span><\/span><span style=\"color: #222222;\"><span style=\"font-family: Arial, Helvetica, sans-serif;\"> busca ofrecer una <\/span><\/span><span style=\"color: #222222;\"><span style=\"font-family: Arial, Helvetica, sans-serif;\">formaci\u00f3n<\/span><\/span><span style=\"color: #222222;\"><span style=\"font-family: Arial, Helvetica, sans-serif;\"> pertinente, cumpliendo responsablemente con las medidas de prevenci\u00f3n.<\/span><\/span><\/span><\/span><\/p>\n<p align=\"justify\">\n<p align=\"justify\">\n<p lang=\"es-ES\" align=\"justify\">\n","protected":false},"excerpt":{"rendered":"<p>*** Maestros y participantes de Inces hacen equipo para lograr adaptarse a los tiempos que hoy se viven a escala mundial<\/p>\n","protected":false},"author":4,"featured_media":35781,"comment_status":"closed","ping_status":"closed","sticky":false,"template":"","format":"standard","meta":{"footnotes":""},"categories":[2],"tags":[],"class_list":["post-35780","post","type-post","status-publish","format-standard","has-post-thumbnail","hentry","category-blog"],"_links":{"self":[{"href":"https:\/\/inces.gob.ve\/index.php\/wp-json\/wp\/v2\/posts\/35780","targetHints":{"allow":["GET"]}}],"collection":[{"href":"https:\/\/inces.gob.ve\/index.php\/wp-json\/wp\/v2\/posts"}],"about":[{"href":"https:\/\/inces.gob.ve\/index.php\/wp-json\/wp\/v2\/types\/post"}],"author":[{"embeddable":true,"href":"https:\/\/inces.gob.ve\/index.php\/wp-json\/wp\/v2\/users\/4"}],"replies":[{"embeddable":true,"href":"https:\/\/inces.gob.ve\/index.php\/wp-json\/wp\/v2\/comments?post=35780"}],"version-history":[{"count":1,"href":"https:\/\/inces.gob.ve\/index.php\/wp-json\/wp\/v2\/posts\/35780\/revisions"}],"predecessor-version":[{"id":35782,"href":"https:\/\/inces.gob.ve\/index.php\/wp-json\/wp\/v2\/posts\/35780\/revisions\/35782"}],"wp:featuredmedia":[{"embeddable":true,"href":"https:\/\/inces.gob.ve\/index.php\/wp-json\/wp\/v2\/media\/35781"}],"wp:attachment":[{"href":"https:\/\/inces.gob.ve\/index.php\/wp-json\/wp\/v2\/media?parent=35780"}],"wp:term":[{"taxonomy":"category","embeddable":true,"href":"https:\/\/inces.gob.ve\/index.php\/wp-json\/wp\/v2\/categories?post=35780"},{"taxonomy":"post_tag","embeddable":true,"href":"https:\/\/inces.gob.ve\/index.php\/wp-json\/wp\/v2\/tags?post=35780"}],"curies":[{"name":"wp","href":"https:\/\/api.w.org\/{rel}","templated":true}]}}