{"id":35797,"date":"2020-09-18T01:05:51","date_gmt":"2020-09-18T05:05:51","guid":{"rendered":"https:\/\/inces.gob.ve\/?p=35797"},"modified":"2020-09-17T23:52:19","modified_gmt":"2020-09-18T03:52:19","slug":"tachira-inces-abre-espacio-formativo","status":"publish","type":"post","link":"https:\/\/inces.gob.ve\/index.php\/2020\/09\/18\/tachira-inces-abre-espacio-formativo\/","title":{"rendered":"T\u00e1chira | Inces abre espacio formativo"},"content":{"rendered":"<p lang=\"es-ES\" style=\"text-align: left;\" align=\"center\"><span style=\"font-family: Arial, serif;\"><span style=\"font-size: medium;\"><b><i>** En el sector Veracruz, del municipio C\u00f3rdoba<\/i><\/b><\/span><\/span><!--more--><\/p>\n<p align=\"justify\">\n<p align=\"justify\"><b><span style=\"font-family: Arial, serif;\"><span style=\"font-size: medium;\"><span lang=\"es-ES\">YOLIMA BOYAC\u00c1N<\/span><\/span><\/span><\/b><\/p>\n<p align=\"justify\"><span style=\"font-family: Arial, serif;\"><span style=\"font-size: medium;\">El <\/span><\/span><span style=\"font-family: Arial, serif;\"><span style=\"font-size: medium;\">c<\/span><\/span><span style=\"font-family: Arial, serif;\"><span style=\"font-size: medium;\">entro de formaci\u00f3n socialista <\/span><\/span><span style=\"font-family: Arial, serif;\"><span style=\"font-size: medium;\">(CFS) t<\/span><\/span><span style=\"font-family: Arial, serif;\"><span style=\"font-size: medium;\">extil \u201cParamillo\u201d, San Crist\u00f3bal, conjuntamente con la Gerencia Regional del Inces T\u00e1chira, <\/span><\/span><span style=\"font-family: Arial, serif;\"><span style=\"font-size: medium;\">abri\u00f3 <\/span><\/span><span style=\"font-family: Arial, serif;\"><span style=\"font-size: medium;\">un nuevo <\/span><\/span><span style=\"font-family: Arial, serif;\"><span style=\"font-size: medium;\"><b>Espacio Formativo Permanente Inces, <\/b><\/span><\/span><span style=\"font-family: Arial, serif;\"><span style=\"font-size: medium;\">en el municipio C\u00f3rdoba, con el objetivo de impartir formaciones productivas. <\/span><\/span><\/p>\n<p align=\"justify\">\n<p align=\"justify\"><span style=\"font-family: Arial, serif;\"><span style=\"font-size: medium;\">Geovanni Gonz\u00e1lez, gerente regional, manif<\/span><\/span><span style=\"font-family: Arial, serif;\"><span style=\"font-size: medium;\">est\u00f3:<\/span><\/span><span style=\"font-family: Arial, serif;\"><span style=\"font-size: medium;\"> \u201c<\/span><\/span><span style=\"font-family: Arial, serif;\"><span style=\"font-size: medium;\"><b>Estamos dando inicio a la polivalencia productiva de nuestros CFS. <\/b><\/span><\/span><span style=\"font-family: Arial, serif;\"><span style=\"font-size: medium;\">N<\/span><\/span><span style=\"font-family: Arial, serif;\"><span style=\"font-size: medium;\">uestro presidente obrero Nicol\u00e1s Maduro, nos motiva cada d\u00eda <\/span><\/span><span style=\"font-family: Arial, serif;\"><span style=\"font-size: medium;\">para <\/span><\/span><span style=\"font-family: Arial, serif;\"><span style=\"font-size: medium;\">producir por nuestro pa\u00eds\u201d. <\/span><\/span><\/p>\n<p align=\"justify\">\n<p align=\"justify\"><span style=\"font-family: Arial, serif;\"><span style=\"font-size: medium;\">En Santa Ana, espec\u00edficamente en el sector Veracruz, iniciaron tres formaciones en el \u00e1rea Agroalimentaria: Huertos escolares y familiares, B\u00e1sico de cultivo de hortalizas y Cr\u00eda de pollos de engorde, bajo la supervisi\u00f3n del <\/span><\/span><span style=\"font-family: Arial, serif;\"><span style=\"font-size: medium;\">c<\/span><\/span><span style=\"font-family: Arial, serif;\"><span style=\"font-size: medium;\">oordinador \/ <\/span><\/span><span style=\"font-family: Arial, serif;\"><span style=\"font-size: medium;\">d<\/span><\/span><span style=\"font-family: Arial, serif;\"><span style=\"font-size: medium;\">ocente Humberto Carrero y el <\/span><\/span><span style=\"font-family: Arial, serif;\"><span style=\"font-size: medium;\">maestro t\u00e9cnico voluntarop, <\/span><\/span><span style=\"font-family: Arial, serif;\"><span style=\"font-size: medium;\">Alexis Medina (Productor agropecuario). <\/span><\/span><\/p>\n<p align=\"justify\">\n<p lang=\"es-ES\" align=\"justify\"><span style=\"font-family: Times New Roman, serif;\"><span style=\"font-size: medium;\"><span style=\"font-family: Arial, serif;\">Cabe destacar que la instituci\u00f3n educativa <\/span><span style=\"font-family: Arial, serif;\">cuenta con <\/span><span style=\"font-family: Arial, serif;\">siete centros de formaci\u00f3n en todo el T\u00e1chira, un n\u00facleo en Jun\u00edn y ahora en el municipio C\u00f3rdoba, brindando atenci\u00f3n a las comunidades m\u00e1s vulnerables de la regi\u00f3n andina. <\/span> <\/span><\/span><\/p>\n<p lang=\"es-ES\" align=\"justify\">\n<p align=\"justify\"><span style=\"font-family: Arial, serif;\"><span style=\"font-size: medium;\">Para finalizar, Gonz\u00e1lez <\/span><\/span><span style=\"font-family: Arial, serif;\"><span style=\"font-size: medium;\">invita a toda la colectividad cordobense a incorporarse a las diferentes formaciones que ofrece<\/span><\/span><span style=\"font-family: Arial, serif;\"><span style=\"font-size: medium;\"> el Inces y coloca a su disposici\u00f3n las diferentes plataformas digitales para una mayor comunicaci\u00f3n.<\/span><\/span><\/p>\n<p align=\"justify\">\n<p align=\"justify\"><span style=\"font-family: Arial, serif;\"><span style=\"font-size: medium;\">Estamos en \/Twitter:@Incestachira4 \/ Instagram:@Inces_Tachira \/ correo electr\u00f3nico: <a href=\"mailto:formacionprofesionaltachir2015@gmail.com\">formacionprofesionaltachir2015@gmail.com<\/a> <\/span><\/span><\/p>\n<p align=\"justify\">\n<p align=\"justify\">\n","protected":false},"excerpt":{"rendered":"<p>** En el sector Veracruz, del municipio C\u00f3rdoba<\/p>\n","protected":false},"author":4,"featured_media":35798,"comment_status":"closed","ping_status":"closed","sticky":false,"template":"","format":"standard","meta":{"footnotes":""},"categories":[2],"tags":[88],"class_list":["post-35797","post","type-post","status-publish","format-standard","has-post-thumbnail","hentry","category-blog","tag-tachira"],"_links":{"self":[{"href":"https:\/\/inces.gob.ve\/index.php\/wp-json\/wp\/v2\/posts\/35797","targetHints":{"allow":["GET"]}}],"collection":[{"href":"https:\/\/inces.gob.ve\/index.php\/wp-json\/wp\/v2\/posts"}],"about":[{"href":"https:\/\/inces.gob.ve\/index.php\/wp-json\/wp\/v2\/types\/post"}],"author":[{"embeddable":true,"href":"https:\/\/inces.gob.ve\/index.php\/wp-json\/wp\/v2\/users\/4"}],"replies":[{"embeddable":true,"href":"https:\/\/inces.gob.ve\/index.php\/wp-json\/wp\/v2\/comments?post=35797"}],"version-history":[{"count":1,"href":"https:\/\/inces.gob.ve\/index.php\/wp-json\/wp\/v2\/posts\/35797\/revisions"}],"predecessor-version":[{"id":35799,"href":"https:\/\/inces.gob.ve\/index.php\/wp-json\/wp\/v2\/posts\/35797\/revisions\/35799"}],"wp:featuredmedia":[{"embeddable":true,"href":"https:\/\/inces.gob.ve\/index.php\/wp-json\/wp\/v2\/media\/35798"}],"wp:attachment":[{"href":"https:\/\/inces.gob.ve\/index.php\/wp-json\/wp\/v2\/media?parent=35797"}],"wp:term":[{"taxonomy":"category","embeddable":true,"href":"https:\/\/inces.gob.ve\/index.php\/wp-json\/wp\/v2\/categories?post=35797"},{"taxonomy":"post_tag","embeddable":true,"href":"https:\/\/inces.gob.ve\/index.php\/wp-json\/wp\/v2\/tags?post=35797"}],"curies":[{"name":"wp","href":"https:\/\/api.w.org\/{rel}","templated":true}]}}