{"id":35809,"date":"2020-09-03T00:09:17","date_gmt":"2020-09-03T04:09:17","guid":{"rendered":"https:\/\/inces.gob.ve\/?p=35809"},"modified":"2020-09-18T00:11:51","modified_gmt":"2020-09-18T04:11:51","slug":"la-guaira-inces-la-guaira-en-los-planes-de-cantv","status":"publish","type":"post","link":"https:\/\/inces.gob.ve\/index.php\/2020\/09\/03\/la-guaira-inces-la-guaira-en-los-planes-de-cantv\/","title":{"rendered":"LA GUAIRA | Inces La Guaira en los planes de CANTV"},"content":{"rendered":"<p style=\"text-align: justify;\"><em><strong>** El plan busca potenciar las capacidades de internet en los cuatro centros de formaci\u00f3n socialista (CFS) del Inces Regional, con miras a mejorar la modalidad online<\/strong><\/em><!--more--><\/p>\n<p><strong>RONALD PINTO<\/strong><br \/>\n.<br \/>\nBajo la premisa de perfeccionar las herramientas de internet con miras a potenciar la modalidad online en los cuatro centros de formaci\u00f3n socialista (CFS), la gerencia regional adelanta las diligencias con la Compa\u00f1ia An\u00f3nima Nacional Tel\u00e9fonos de Venezuela (Cantv) del estado La Guaira.<\/p>\n<p style=\"text-align: justify;\">\n.<br \/>\nHern\u00e1n Garboza, afirm\u00f3 que el desarrollo de este plan busca garantizar la continuidad de las actividades online que el Inces viene realizando en la regi\u00f3n guare\u00f1a. \u00abLa ejecuci\u00f3n del mismo obedece a la orden presidencial de mejorar\u00a0 la conectividad de internet en las instituciones educativas a nivel nacional.<\/p>\n<p style=\"text-align: justify;\">\n.<br \/>\n\u00abEl Inces es la instituci\u00f3n educativa por excelencia, reconocida por el Mandatario Nacional Nicol\u00e1s Maduro, como la instituci\u00f3n garante de la construcci\u00f3n de la patria productiva y soberana que merecen todos los venezolanos\u00bb. Resalto Garboza.<\/p>\n<p style=\"text-align: justify;\">\n.<br \/>\nPor otra parte, recientemente se pudo conocer que Cantv a trav\u00e9s de su cuenta Twitter dio a conocer que recibi\u00f3 cargamento de material estrat\u00e9gico para la reparaci\u00f3n de aver\u00edas en todo el pa\u00eds, por lo cual se presume que este material viene a formar parte de este Plan de mejora en las instituciones educativas a nivel nacional\u00bb.<\/p>\n","protected":false},"excerpt":{"rendered":"<p>** El plan busca potenciar las capacidades de internet en los cuatro centros de formaci\u00f3n socialista (CFS) del Inces Regional, con miras a mejorar la modalidad online<\/p>\n","protected":false},"author":4,"featured_media":35810,"comment_status":"closed","ping_status":"closed","sticky":false,"template":"","format":"standard","meta":{"footnotes":""},"categories":[2],"tags":[],"class_list":["post-35809","post","type-post","status-publish","format-standard","has-post-thumbnail","hentry","category-blog"],"_links":{"self":[{"href":"https:\/\/inces.gob.ve\/index.php\/wp-json\/wp\/v2\/posts\/35809","targetHints":{"allow":["GET"]}}],"collection":[{"href":"https:\/\/inces.gob.ve\/index.php\/wp-json\/wp\/v2\/posts"}],"about":[{"href":"https:\/\/inces.gob.ve\/index.php\/wp-json\/wp\/v2\/types\/post"}],"author":[{"embeddable":true,"href":"https:\/\/inces.gob.ve\/index.php\/wp-json\/wp\/v2\/users\/4"}],"replies":[{"embeddable":true,"href":"https:\/\/inces.gob.ve\/index.php\/wp-json\/wp\/v2\/comments?post=35809"}],"version-history":[{"count":1,"href":"https:\/\/inces.gob.ve\/index.php\/wp-json\/wp\/v2\/posts\/35809\/revisions"}],"predecessor-version":[{"id":35811,"href":"https:\/\/inces.gob.ve\/index.php\/wp-json\/wp\/v2\/posts\/35809\/revisions\/35811"}],"wp:featuredmedia":[{"embeddable":true,"href":"https:\/\/inces.gob.ve\/index.php\/wp-json\/wp\/v2\/media\/35810"}],"wp:attachment":[{"href":"https:\/\/inces.gob.ve\/index.php\/wp-json\/wp\/v2\/media?parent=35809"}],"wp:term":[{"taxonomy":"category","embeddable":true,"href":"https:\/\/inces.gob.ve\/index.php\/wp-json\/wp\/v2\/categories?post=35809"},{"taxonomy":"post_tag","embeddable":true,"href":"https:\/\/inces.gob.ve\/index.php\/wp-json\/wp\/v2\/tags?post=35809"}],"curies":[{"name":"wp","href":"https:\/\/api.w.org\/{rel}","templated":true}]}}