{"id":35831,"date":"2020-09-22T09:43:30","date_gmt":"2020-09-22T13:43:30","guid":{"rendered":"https:\/\/inces.gob.ve\/?p=35831"},"modified":"2020-09-22T09:44:51","modified_gmt":"2020-09-22T13:44:51","slug":"la-guaira-el-inces-oferta-formacion-orientacion-al-turismo-para-afrontar-el-escenario-tras-el-covid-19","status":"publish","type":"post","link":"https:\/\/inces.gob.ve\/index.php\/2020\/09\/22\/la-guaira-el-inces-oferta-formacion-orientacion-al-turismo-para-afrontar-el-escenario-tras-el-covid-19\/","title":{"rendered":"LA GUAIRA |  El Inces oferta la formaci\u00f3n Orientaci\u00f3n al Turismo para afrontar el escenario tras el COVID-19"},"content":{"rendered":"<p style=\"text-align: justify;\"><em><strong>** La formaci\u00f3n socioproductiva dar\u00e1 comienzo este mes de septiembre y las inscripciones permanecer\u00e1n abiertas<\/strong><\/em><br \/>\n<!--more--><\/p>\n<p style=\"text-align: justify;\"><strong>RONALD PINTO<\/strong><\/p>\n<p style=\"text-align: justify;\">Enmarcado en la Agenda Econ\u00f3mica Bolivariana, mecanismo que promueve la construcci\u00f3n de un nuevo esquema econ\u00f3mico que permita generar un nuevo y diversificado modelo productivo, el Inces ha organizado esta acci\u00f3n formativa bajo la modalidad a distancia con el fin de llegar al mayor n\u00famero de participantes posibles.<\/p>\n<p style=\"text-align: justify;\">\n.<br \/>\nEstas actividades forman parte de un programa formativo que persigue enriquecer el conocimiento para brindar un servicio tur\u00edstico de excelencia en todos los espacios productivos y motorizar la industria tur\u00edstica en la regi\u00f3n guaire\u00f1a, as\u00ed como contribuir a la construcci\u00f3n de la ruta postpandemia del COVID-19.<\/p>\n<p style=\"text-align: justify;\">\n.<br \/>\nHern\u00e1n Garboza, gerente regional, se\u00f1al\u00f3: \u00abcon estas acciones, el Inces La Guaira busca desarrollar procesos formativos que ayuden a contribuir al desarrollo del turismo como el octavo motor m\u00e1s importante de la econom\u00eda en la regi\u00f3n.\u00bb<br \/>\n.<\/p>\n<p style=\"text-align: justify;\">\nEntre los cursos m\u00e1s demandados en el sector turismo est\u00e1n: Panificaci\u00f3n dom\u00e9stica, Dise\u00f1o de planes vacacionales, Dise\u00f1o de rutas tur\u00edsticas, Elaboraci\u00f3n de pasapalos, Atenci\u00f3n al p\u00fablico, Excelencia en la calidad de servicio, Reposter\u00eda, Organizaci\u00f3n de eventos, entre otros.<\/p>\n","protected":false},"excerpt":{"rendered":"<p>** La formaci\u00f3n socioproductiva dar\u00e1 comienzo este mes de septiembre y las inscripciones permanecer\u00e1n abiertas<\/p>\n","protected":false},"author":4,"featured_media":35832,"comment_status":"closed","ping_status":"closed","sticky":false,"template":"","format":"standard","meta":{"footnotes":""},"categories":[2],"tags":[],"class_list":["post-35831","post","type-post","status-publish","format-standard","has-post-thumbnail","hentry","category-blog"],"_links":{"self":[{"href":"https:\/\/inces.gob.ve\/index.php\/wp-json\/wp\/v2\/posts\/35831","targetHints":{"allow":["GET"]}}],"collection":[{"href":"https:\/\/inces.gob.ve\/index.php\/wp-json\/wp\/v2\/posts"}],"about":[{"href":"https:\/\/inces.gob.ve\/index.php\/wp-json\/wp\/v2\/types\/post"}],"author":[{"embeddable":true,"href":"https:\/\/inces.gob.ve\/index.php\/wp-json\/wp\/v2\/users\/4"}],"replies":[{"embeddable":true,"href":"https:\/\/inces.gob.ve\/index.php\/wp-json\/wp\/v2\/comments?post=35831"}],"version-history":[{"count":2,"href":"https:\/\/inces.gob.ve\/index.php\/wp-json\/wp\/v2\/posts\/35831\/revisions"}],"predecessor-version":[{"id":35834,"href":"https:\/\/inces.gob.ve\/index.php\/wp-json\/wp\/v2\/posts\/35831\/revisions\/35834"}],"wp:featuredmedia":[{"embeddable":true,"href":"https:\/\/inces.gob.ve\/index.php\/wp-json\/wp\/v2\/media\/35832"}],"wp:attachment":[{"href":"https:\/\/inces.gob.ve\/index.php\/wp-json\/wp\/v2\/media?parent=35831"}],"wp:term":[{"taxonomy":"category","embeddable":true,"href":"https:\/\/inces.gob.ve\/index.php\/wp-json\/wp\/v2\/categories?post=35831"},{"taxonomy":"post_tag","embeddable":true,"href":"https:\/\/inces.gob.ve\/index.php\/wp-json\/wp\/v2\/tags?post=35831"}],"curies":[{"name":"wp","href":"https:\/\/api.w.org\/{rel}","templated":true}]}}