{"id":35856,"date":"2020-09-26T01:06:35","date_gmt":"2020-09-26T05:06:35","guid":{"rendered":"https:\/\/inces.gob.ve\/?p=35856"},"modified":"2020-09-25T23:33:38","modified_gmt":"2020-09-26T03:33:38","slug":"desde-hace-60-anos-las-relaciones-publicas-han-sido-estrategicas-en-la-comunicacion","status":"publish","type":"post","link":"https:\/\/inces.gob.ve\/index.php\/2020\/09\/26\/desde-hace-60-anos-las-relaciones-publicas-han-sido-estrategicas-en-la-comunicacion\/","title":{"rendered":"Desde hace 60 a\u00f1os las Relaciones P\u00fablicas han sido estrat\u00e9gicas en la comunicaci\u00f3n"},"content":{"rendered":"<p align=\"justify\"><i><b>** Desde entonces cada a\u00f1o el 26 de septiembre uno de los grandes retos de las empresas, de las organizaciones y movimientos sociales, es lograr ser reconocidas por su imagen favorable ante la sociedad y el pueblo<\/b><\/i><!--more--><\/p>\n<p align=\"justify\">\n<p align=\"justify\"><strong> RODIN BUSTILLOS<\/strong><\/p>\n<p align=\"justify\">El d\u00eda 26 de septiembre se conmemora el D\u00eda Interamericano de las Relaciones P\u00fablicas, instituido por la iniciativa del relacionista mexicano Federico S\u00e1nchez Fogarty, quien en el a\u00f1o 1960 convoc\u00f3 a profesionales de pa\u00edses como Colombia, Cuba, Brasil, Panam\u00e1, Estados Unidos, Chile, Puerto Rico y Venezuela para realizar la Primera Conferencia Interamericana de Asociaciones de Relaciones P\u00fablica (Confiarp).<\/p>\n<p align=\"justify\">\n<p align=\"justify\">Una disciplina que cumple con la vital labor de establecer nexos positivos que a trav\u00e9s de las relaciones p\u00fablicas consiste en el proceso estrat\u00e9gico de comunicaci\u00f3n que construye interacciones mutuamente beneficiosas entre las organizaciones y sus p\u00fablicos.<\/p>\n<p align=\"justify\">\n<p align=\"justify\">A\u00fan se encuentra vigente el Instituto Universitario de Relaciones P\u00fablicas que fund\u00f3 en 1964 Juan Merch\u00e1n L\u00f3pez, docente universitario de la Universidad Central de Venezuela, con la idea de configurar la profesi\u00f3n de Relaciones P\u00fablica y fortalecer su ejercicio y de esta forma contribuir con la convivencia y solidaridad que hoy requieren nuestros pa\u00edses para lograr su integraci\u00f3n y desarrollo sostenible.<\/p>\n<p align=\"justify\">\n<p align=\"justify\">Desde entonces cada a\u00f1o el 26 de septiembre se utiliza para fortalecer aquellos acuerdos y lazos que existen entre los pa\u00edses que formaron parte de esta reuni\u00f3n. Sin duda, uno de los grandes retos de las empresas, de las organizaciones y movimientos sociales, es lograr ser reconocidas por su imagen favorable ante la sociedad y el pueblo, y en este sentido, esta herramienta se encarga de planear, proponer y ejecutar las estrategias m\u00e1s adecuadas para alcanzarlo, para ello deben propiciar y mantener una excelente comunicaci\u00f3n que evidencie la acertada gesti\u00f3n de la empresa, del consejo comunal, de las comunas y movimientos sociales, as\u00ed como mantener una buena relaci\u00f3n con los medios de comunicaci\u00f3n, medios populares, redes sociales y velar porque sean cubiertas las necesidades de los pueblos.<\/p>\n<p align=\"justify\">\n<p align=\"justify\">Por ello, los profesionales de las relaciones p\u00fablicas deben velar por una conveniente proyecci\u00f3n de la imagen institucional y comunal, que desde el territorio se tome en tome en cuenta la misi\u00f3n y la visi\u00f3n, as\u00ed como lo que acontece en el entorno.<\/p>\n<p align=\"justify\">\n<p align=\"justify\">En conclusi\u00f3n, las relaciones p\u00fablicas son el arte de proyectar la naturaleza de una organizaci\u00f3n, de un movimiento social, hacerla acorde con las expectativas del pueblo que la rodea, logrando su integraci\u00f3n con el entorno y ayudando a que se acepten mutuamente. De esta manera, gestiona sus comunicaciones para construir y mantener una imagen favorable de forma estrat\u00e9gica y planificada.<\/p>\n","protected":false},"excerpt":{"rendered":"<p>** Desde entonces cada a\u00f1o el 26 de septiembre uno de los grandes retos de las empresas, de las organizaciones y movimientos sociales, es lograr ser reconocidas por su imagen favorable ante la sociedad y el pueblo<\/p>\n","protected":false},"author":4,"featured_media":35869,"comment_status":"closed","ping_status":"closed","sticky":false,"template":"","format":"standard","meta":{"footnotes":""},"categories":[2],"tags":[],"class_list":["post-35856","post","type-post","status-publish","format-standard","has-post-thumbnail","hentry","category-blog"],"_links":{"self":[{"href":"https:\/\/inces.gob.ve\/index.php\/wp-json\/wp\/v2\/posts\/35856","targetHints":{"allow":["GET"]}}],"collection":[{"href":"https:\/\/inces.gob.ve\/index.php\/wp-json\/wp\/v2\/posts"}],"about":[{"href":"https:\/\/inces.gob.ve\/index.php\/wp-json\/wp\/v2\/types\/post"}],"author":[{"embeddable":true,"href":"https:\/\/inces.gob.ve\/index.php\/wp-json\/wp\/v2\/users\/4"}],"replies":[{"embeddable":true,"href":"https:\/\/inces.gob.ve\/index.php\/wp-json\/wp\/v2\/comments?post=35856"}],"version-history":[{"count":3,"href":"https:\/\/inces.gob.ve\/index.php\/wp-json\/wp\/v2\/posts\/35856\/revisions"}],"predecessor-version":[{"id":35871,"href":"https:\/\/inces.gob.ve\/index.php\/wp-json\/wp\/v2\/posts\/35856\/revisions\/35871"}],"wp:featuredmedia":[{"embeddable":true,"href":"https:\/\/inces.gob.ve\/index.php\/wp-json\/wp\/v2\/media\/35869"}],"wp:attachment":[{"href":"https:\/\/inces.gob.ve\/index.php\/wp-json\/wp\/v2\/media?parent=35856"}],"wp:term":[{"taxonomy":"category","embeddable":true,"href":"https:\/\/inces.gob.ve\/index.php\/wp-json\/wp\/v2\/categories?post=35856"},{"taxonomy":"post_tag","embeddable":true,"href":"https:\/\/inces.gob.ve\/index.php\/wp-json\/wp\/v2\/tags?post=35856"}],"curies":[{"name":"wp","href":"https:\/\/api.w.org\/{rel}","templated":true}]}}