{"id":35879,"date":"2020-09-30T19:58:04","date_gmt":"2020-09-30T23:58:04","guid":{"rendered":"https:\/\/inces.gob.ve\/?p=35879"},"modified":"2020-09-30T19:58:04","modified_gmt":"2020-09-30T23:58:04","slug":"la-guaira-ganas-de-emprender-toma-unas-de-las-opciones-que-te-ofrece-el-inces","status":"publish","type":"post","link":"https:\/\/inces.gob.ve\/index.php\/2020\/09\/30\/la-guaira-ganas-de-emprender-toma-unas-de-las-opciones-que-te-ofrece-el-inces\/","title":{"rendered":"LA GUAIRA | \u00bfGanas de emprender? Toma unas de las opciones que te ofrece el Inces"},"content":{"rendered":"<p style=\"text-align: justify;\"><em><strong>** Si tienes en mente poner en marcha un proyecto socioproductivo, revisa las opciones formativas que te ofrece el Inces<\/strong><\/em><!--more--><\/p>\n<p>&nbsp;<\/p>\n<p style=\"text-align: justify;\">La posibilidad de crear un proyecto productivo para emprender en el pa\u00eds con una ense\u00f1anza, asesor\u00eda y acreditaci\u00f3n t\u00e9cnica, ha sido uno de los factores fundamentales para que en el Instituto Nacional de Capacitaci\u00f3n y Educaci\u00f3n Socialista (Inces) La Guaira se hayan atendido durante el a\u00f1o 2020, un total de 234.578 participantes en sus siete programas de formaci\u00f3n.<\/p>\n<p style=\"text-align: justify;\">\nAs\u00ed lo asever\u00f3 el gerente regional de la instituci\u00f3n, Hern\u00e1n Garboza, quien agreg\u00f3 que este a\u00f1o se reflej\u00f3 el repunte en el \u00e1rea industrial, inform\u00e1tica y turismo en el motor agroalimentario. Se\u00f1al\u00f3 que ha llamado la atenci\u00f3n de los guaire\u00f1os la idea de obtener su t\u00edtulo de bachiller con el perfil productivo, reflej\u00e1ndose en las 134 personas atendidas en el programa de Bachillerato Productivo, el cual est\u00e1 dirigido para quienes no culminaron sus estudios de educaci\u00f3n media.<\/p>\n<p style=\"text-align: justify;\">\nAfirm\u00f3 Garboza que pese a la situaci\u00f3n de pandemia que atraviesa el pa\u00eds y la afectaci\u00f3n de la adquisici\u00f3n de insumos para brindar la formaci\u00f3n se mantiene la matr\u00edcula. \u201cEsa participaci\u00f3n del pueblo guaire\u00f1o creemos que obedece, por un lado a la necesidad de dotarse de alguna t\u00e9cnica que le sirva para complementar su actividad laboral cotidiana, y por otro lado tiene que ver con la posibilidad de emprender, de iniciar proyectos productivos en todas las edades\u201d, concluy\u00f3.<\/p>\n","protected":false},"excerpt":{"rendered":"<p>** Si tienes en mente poner en marcha un proyecto socioproductivo, revisa las opciones formativas que te ofrece el Inces<\/p>\n","protected":false},"author":4,"featured_media":35880,"comment_status":"closed","ping_status":"closed","sticky":false,"template":"","format":"standard","meta":{"footnotes":""},"categories":[2],"tags":[],"class_list":["post-35879","post","type-post","status-publish","format-standard","has-post-thumbnail","hentry","category-blog"],"_links":{"self":[{"href":"https:\/\/inces.gob.ve\/index.php\/wp-json\/wp\/v2\/posts\/35879","targetHints":{"allow":["GET"]}}],"collection":[{"href":"https:\/\/inces.gob.ve\/index.php\/wp-json\/wp\/v2\/posts"}],"about":[{"href":"https:\/\/inces.gob.ve\/index.php\/wp-json\/wp\/v2\/types\/post"}],"author":[{"embeddable":true,"href":"https:\/\/inces.gob.ve\/index.php\/wp-json\/wp\/v2\/users\/4"}],"replies":[{"embeddable":true,"href":"https:\/\/inces.gob.ve\/index.php\/wp-json\/wp\/v2\/comments?post=35879"}],"version-history":[{"count":1,"href":"https:\/\/inces.gob.ve\/index.php\/wp-json\/wp\/v2\/posts\/35879\/revisions"}],"predecessor-version":[{"id":35881,"href":"https:\/\/inces.gob.ve\/index.php\/wp-json\/wp\/v2\/posts\/35879\/revisions\/35881"}],"wp:featuredmedia":[{"embeddable":true,"href":"https:\/\/inces.gob.ve\/index.php\/wp-json\/wp\/v2\/media\/35880"}],"wp:attachment":[{"href":"https:\/\/inces.gob.ve\/index.php\/wp-json\/wp\/v2\/media?parent=35879"}],"wp:term":[{"taxonomy":"category","embeddable":true,"href":"https:\/\/inces.gob.ve\/index.php\/wp-json\/wp\/v2\/categories?post=35879"},{"taxonomy":"post_tag","embeddable":true,"href":"https:\/\/inces.gob.ve\/index.php\/wp-json\/wp\/v2\/tags?post=35879"}],"curies":[{"name":"wp","href":"https:\/\/api.w.org\/{rel}","templated":true}]}}