{"id":35889,"date":"2020-10-03T08:50:14","date_gmt":"2020-10-03T12:50:14","guid":{"rendered":"https:\/\/inces.gob.ve\/?p=35889"},"modified":"2020-10-03T08:50:14","modified_gmt":"2020-10-03T12:50:14","slug":"la-batalla-de-las-trincheras-sucedio-el-3-de-octubre-de-1813","status":"publish","type":"post","link":"https:\/\/inces.gob.ve\/index.php\/2020\/10\/03\/la-batalla-de-las-trincheras-sucedio-el-3-de-octubre-de-1813\/","title":{"rendered":"La batalla de Las Trincheras sucedi\u00f3 el 3 de octubre de 1813"},"content":{"rendered":"<p><i><b>** A 207 a\u00f1os de esta gesta heroica, el pueblo venezolano eleva las banderas de esos soldados que cargados de fervor patrio derrotaron una y otra vez a las fuerzas extranje<\/b><\/i><i><b>ras<\/b><\/i><!--more--><\/p>\n<p>&nbsp;<\/p>\n<p><b>RODIN BUSTILLOS<\/b><\/p>\n<p align=\"justify\">Cerca de mil hombres al mando del l\u00edder patriota Jos\u00e9 Luciano D\u00b4Elhuyar, derrotaron en Las Trincheras, lugar ubicado en Puerto Cabello, estado Carabobo, a los m\u00e1s de dos mil soldados realistas comandados por Domingo Monteverde. La batalla de Las Trincheras sucedi\u00f3 el 3 de octubre de 1813 entre las fuerzas de voluntarios neogranadinos y los realistas partidarios de la Corona espa\u00f1ola.<\/p>\n<p align=\"justify\">\n<p align=\"justify\">El ej\u00e9rcito libertador al mando de Sim\u00f3n Bol\u00edvar, propin\u00f3 una aplastante derrota al ej\u00e9rcito imperialista de Espa\u00f1a, en la regi\u00f3n de Trincheras en el estado Carabobo, victoria que evidenci\u00f3 la constancia y ferocidad de un pueblo determinado a ser libre.<\/p>\n<p align=\"justify\">\n<p align=\"justify\">Esto signific\u00f3 el fin para el general realista Domingo Monteverde, quien se vio obligado a huir a Puerto Cabello y posteriormente a Puerto Rico, tras ser herido por las fuerzas patriotas que segu\u00edan avanzando en la Campa\u00f1a Admirable que logr\u00f3 barrer con las fuerzas imperiales en meses.<\/p>\n<p align=\"justify\">Tras la Campa\u00f1a Admirable de Sim\u00f3n Bol\u00edvar el occidente de Venezuela qued\u00f3 en poder de las fuerzas independentistas. Debido a esto los realistas lanzaron una ofensiva contra la ciudad de Valencia con 1.600 hombres comandados por Domingo de Monteverde. Las fuerzas patri\u00f3ticas estuvieron encabezadas por Atanasio Girardot, Antonio Ricaurte, Herm\u00f3genes Maza, Francisco de Paula V\u00e9lez, Batista y Jos\u00e9 Luciano D\u00b4Elhuyar. Las fuerzas patriotas de Atanasio Girardot, Jos\u00e9 Luciano D&#8217;Elhuyar y Batista y Rafael Urdaneta lograron vencer a Monteverde en B\u00e1rbula el 30 de septiembre haci\u00e9ndolo retroceder. Los criollos afrontaron la contienda con sed de venganza, por la muerte del Coronel Atanasio Girardot quien hab\u00eda fallecido hace tres d\u00edas durante la Batalla de B\u00e1rbula.<\/p>\n<p align=\"justify\">\n<p align=\"justify\">El enfrentamiento termin\u00f3 en la derrota total de estos \u00faltimos y forz\u00f3 a su comandante, Domingo de Monteverde, gravemente herido a huir a Puerto Cabello donde termin\u00f3 siendo asediado, perdiendo todo su prestigio entre sus oficiales, siendo posteriormente depuesto de su cargo vi\u00e9ndose obligado a huir a Puerto Rico. Por \u00faltimo Sim\u00f3n Bol\u00edvar por este hecho militar asciende al rango de Coronel a Luciano Delhuyar.<\/p>\n<p align=\"justify\">\n<p align=\"justify\">Para Monteverde fue una doble derrota, pues adem\u00e1s de caer en el combate, perdi\u00f3 el mando de las fuerzas realistas tras recibir una herida bala que le destroz\u00f3 la quijada y lo oblig\u00f3 a marcharse a Curazao.<\/p>\n<p align=\"justify\">\n<p align=\"justify\">A 207 a\u00f1os de esta gesta heroica, el pueblo venezolano eleva las banderas de esos soldados que cargados de fervor patrio derrotaron una y otra vez a las fuerzas extranjeras para decir a los viejos y nuevos imperios que los venezolanos nacimos para la libertad y la victoria.<\/p>\n","protected":false},"excerpt":{"rendered":"<p>** A 207 a\u00f1os de esta gesta heroica, el pueblo venezolano eleva las banderas de esos soldados que cargados de fervor patrio derrotaron una y otra vez a las fuerzas extranjeras<\/p>\n","protected":false},"author":4,"featured_media":35890,"comment_status":"closed","ping_status":"closed","sticky":false,"template":"","format":"standard","meta":{"footnotes":""},"categories":[2],"tags":[],"class_list":["post-35889","post","type-post","status-publish","format-standard","has-post-thumbnail","hentry","category-blog"],"_links":{"self":[{"href":"https:\/\/inces.gob.ve\/index.php\/wp-json\/wp\/v2\/posts\/35889","targetHints":{"allow":["GET"]}}],"collection":[{"href":"https:\/\/inces.gob.ve\/index.php\/wp-json\/wp\/v2\/posts"}],"about":[{"href":"https:\/\/inces.gob.ve\/index.php\/wp-json\/wp\/v2\/types\/post"}],"author":[{"embeddable":true,"href":"https:\/\/inces.gob.ve\/index.php\/wp-json\/wp\/v2\/users\/4"}],"replies":[{"embeddable":true,"href":"https:\/\/inces.gob.ve\/index.php\/wp-json\/wp\/v2\/comments?post=35889"}],"version-history":[{"count":1,"href":"https:\/\/inces.gob.ve\/index.php\/wp-json\/wp\/v2\/posts\/35889\/revisions"}],"predecessor-version":[{"id":35891,"href":"https:\/\/inces.gob.ve\/index.php\/wp-json\/wp\/v2\/posts\/35889\/revisions\/35891"}],"wp:featuredmedia":[{"embeddable":true,"href":"https:\/\/inces.gob.ve\/index.php\/wp-json\/wp\/v2\/media\/35890"}],"wp:attachment":[{"href":"https:\/\/inces.gob.ve\/index.php\/wp-json\/wp\/v2\/media?parent=35889"}],"wp:term":[{"taxonomy":"category","embeddable":true,"href":"https:\/\/inces.gob.ve\/index.php\/wp-json\/wp\/v2\/categories?post=35889"},{"taxonomy":"post_tag","embeddable":true,"href":"https:\/\/inces.gob.ve\/index.php\/wp-json\/wp\/v2\/tags?post=35889"}],"curies":[{"name":"wp","href":"https:\/\/api.w.org\/{rel}","templated":true}]}}