{"id":35902,"date":"2020-10-04T22:03:19","date_gmt":"2020-10-05T02:03:19","guid":{"rendered":"https:\/\/inces.gob.ve\/?p=35902"},"modified":"2020-10-04T22:03:19","modified_gmt":"2020-10-05T02:03:19","slug":"dia-de-la-victoria-perfecta-cuando-chavez-se-volvio-8-millones","status":"publish","type":"post","link":"https:\/\/inces.gob.ve\/index.php\/2020\/10\/04\/dia-de-la-victoria-perfecta-cuando-chavez-se-volvio-8-millones\/","title":{"rendered":"D\u00eda de la Victoria Perfecta: Cuando Ch\u00e1vez se volvi\u00f3 8 millones"},"content":{"rendered":"<p align=\"justify\"><em><b>**\u00bbFue una batalla perfecta en toda la l\u00ednea, una batalla democr\u00e1tica\u00bb dijo el presidente reelecto Hugo Ch\u00e1vez esa noche en medio de los festejos del triunfo<\/b><\/em><!--more--><\/p>\n<p align=\"justify\"><b>RODIN BUSTILLOS<\/b><\/p>\n<p align=\"justify\">Hace ocho a\u00f1os, Venezuela hizo posible el D\u00eda de la Victoria Perfecta al reelegir a Hugo Ch\u00e1vez con m\u00e1s de 8 millones de votos.<\/p>\n<p align=\"justify\">\n<p align=\"justify\">El domingo 7 de octubre de 2012, m\u00e1s de ocho millones de personas forjaron la historia que llev\u00f3 al presidente Hugo Ch\u00e1vez a ser reelecto presidente de Venezuela por tercera vez, en una jornada que se conoci\u00f3 como el \u00abD\u00eda de la Victoria Perfecta\u00bb<\/p>\n<p align=\"justify\">\n<p align=\"justify\"><b>\u00bfC\u00f3mo naci\u00f3 el D\u00eda de la Victoria Perfecta?<\/b><\/p>\n<p align=\"justify\">Por iniciativa del actual mandatario venezolano, Nicol\u00e1s Maduro, el a\u00f1o 2014 se decret\u00f3 el 7 de octubre como el D\u00eda de la Victoria Perfecta, para recordar la gesta popular.<\/p>\n<p align=\"justify\">\n<p align=\"justify\">Se le llama as\u00ed porque ha sido, en la historia electoral de Venezuela, la mayor cantidad de votos obtenida por un presidente, con un total de 8.191.132, lo que represent\u00f3 el 55,07 por ciento de las preferencias.<\/p>\n<p align=\"justify\">\n<p align=\"justify\">\u00abComo lo ven\u00edamos diciendo durante los \u00faltimos meses, la batalla perfecta, fue una batalla perfecta en toda la l\u00ednea, una batalla democr\u00e1tica (\u2026) No hubo ning\u00fan acontecimiento por lamentar, no hubo nada que manchara la batalla perfecta y la victoria perfecta\u00bb dijo esa noche Hugo Ch\u00e1vez durante el festejo del triunfo en las urnas.<\/p>\n<p align=\"justify\">\n<p align=\"justify\"><b>La Campa\u00f1a Perfecta<\/b><\/p>\n<p align=\"justify\">Pese a su avanzado c\u00e1ncer y las constantes intervenciones quir\u00fargicas y sesiones de quimioterapia, el Comandante asumi\u00f3 el desaf\u00edo de enfrentar no solo un nuevo mandato presidencial, sino tambi\u00e9n una intensa campa\u00f1a electoral, recorriendo gran parte del pa\u00eds.<\/p>\n<p align=\"justify\">\n<p align=\"justify\">\u00abCh\u00e1vez, Coraz\u00f3n de mi Patria\u00bb y \u00abCh\u00e1vez es otro beta\u00bb fueron parte de los eslogan que el comando presidencial llev\u00f3 como bandera para asegurar el triunfo.<\/p>\n<p align=\"justify\">\n<p align=\"justify\"><b>Ch\u00e1vez bajo la lluvia: A 8 a\u00f1os de su \u00faltimo discurso masivo<\/b><\/p>\n<p align=\"justify\">El cierre de la campa\u00f1a de 2012, ocurrido el 4 de octubre en Caracas, fue la \u00faltima vez que el Comandante y su pueblo se ver\u00edan las caras en un acto p\u00fablico. Siete avenidas del centro de la capital se repletaron para acompa\u00f1arlo en la clausura.<\/p>\n<p align=\"justify\">\n<p align=\"justify\">\u00abLas circunstancias me obligan a ser breve\u00bb, dijo Ch\u00e1vez en el escenario, dando cuenta de los padecimientos de su enfermedad. Pese a esto, enarbol\u00f3 un inolvidable discurso que pronunci\u00f3 bajo una copiosa lluvia.<\/p>\n<p align=\"justify\">\n<p align=\"justify\">Las principales coaliciones que disputaron la hist\u00f3rica elecci\u00f3n de 2012 fueron el Gran Polo Patri\u00f3tico (GPP), representado por el Comandante Hugo Ch\u00e1vez, que buscaba su reelecci\u00f3n; y la Mesa de la Unidad Democr\u00e1tica (MUD), cuya carta fue Henrique Capriles, tras ser el vencedor de las primarias de su sector.<\/p>\n<p align=\"justify\">\n<p align=\"justify\">En 2009 fue aprobada, mediante un referendo popular y democr\u00e1tico, la enmienda a la Constituci\u00f3n que determin\u00f3 la reelecci\u00f3n indefinida y sucesiva para los cargos de elecci\u00f3n popular.<\/p>\n<p align=\"justify\">\n<p align=\"justify\">La jornada culmin\u00f3 con el triunfo de Ch\u00e1vez con el 55,07 por ciento de los votos contra el 44,31 por ciento de Capriles. El chavismo gan\u00f3 en 23 de los 34 estados del pa\u00eds.<\/p>\n<p align=\"justify\">\n<p align=\"justify\">El festejo se realiz\u00f3, como siempre, en el Palacio de Miraflores, casa de Gobierno. Hugo Ch\u00e1vez agradeci\u00f3 a todo el pueblo venezolano y dedic\u00f3 el triunfo a la Virgen del Rosario, patrona de Sabaneta, su ciudad natal, quien celebra su d\u00eda en esta fecha.<\/p>\n<p align=\"justify\">\n<p align=\"justify\">Casi exactos cinco meses despu\u00e9s, el presidente reelecto partir\u00eda f\u00edsicamente al perder la batalla contra el c\u00e1ncer, la \u00fanica contienda que no logr\u00f3 vencer.<\/p>\n<p align=\"justify\">\n<p align=\"justify\">Su legado permanece en el pueblo de Venezuela, no solo en palabra y memoria, sino en acci\u00f3n, conciencia y proyecto, enarbolado por el presidente Nicol\u00e1s Maduro, las misiones sociales y el socialismo bolivariano.<\/p>\n","protected":false},"excerpt":{"rendered":"<p>**\u00bbFue una batalla perfecta en toda la l\u00ednea, una batalla democr\u00e1tica\u00bb dijo el presidente reelecto Hugo Ch\u00e1vez esa noche en medio de los festejos del triunfo<\/p>\n","protected":false},"author":4,"featured_media":35903,"comment_status":"closed","ping_status":"closed","sticky":false,"template":"","format":"standard","meta":{"footnotes":""},"categories":[2],"tags":[],"class_list":["post-35902","post","type-post","status-publish","format-standard","has-post-thumbnail","hentry","category-blog"],"_links":{"self":[{"href":"https:\/\/inces.gob.ve\/index.php\/wp-json\/wp\/v2\/posts\/35902","targetHints":{"allow":["GET"]}}],"collection":[{"href":"https:\/\/inces.gob.ve\/index.php\/wp-json\/wp\/v2\/posts"}],"about":[{"href":"https:\/\/inces.gob.ve\/index.php\/wp-json\/wp\/v2\/types\/post"}],"author":[{"embeddable":true,"href":"https:\/\/inces.gob.ve\/index.php\/wp-json\/wp\/v2\/users\/4"}],"replies":[{"embeddable":true,"href":"https:\/\/inces.gob.ve\/index.php\/wp-json\/wp\/v2\/comments?post=35902"}],"version-history":[{"count":1,"href":"https:\/\/inces.gob.ve\/index.php\/wp-json\/wp\/v2\/posts\/35902\/revisions"}],"predecessor-version":[{"id":35904,"href":"https:\/\/inces.gob.ve\/index.php\/wp-json\/wp\/v2\/posts\/35902\/revisions\/35904"}],"wp:featuredmedia":[{"embeddable":true,"href":"https:\/\/inces.gob.ve\/index.php\/wp-json\/wp\/v2\/media\/35903"}],"wp:attachment":[{"href":"https:\/\/inces.gob.ve\/index.php\/wp-json\/wp\/v2\/media?parent=35902"}],"wp:term":[{"taxonomy":"category","embeddable":true,"href":"https:\/\/inces.gob.ve\/index.php\/wp-json\/wp\/v2\/categories?post=35902"},{"taxonomy":"post_tag","embeddable":true,"href":"https:\/\/inces.gob.ve\/index.php\/wp-json\/wp\/v2\/tags?post=35902"}],"curies":[{"name":"wp","href":"https:\/\/api.w.org\/{rel}","templated":true}]}}